{"id":3376,"date":"2021-02-09T12:59:39","date_gmt":"2021-02-09T10:59:39","guid":{"rendered":"https:\/\/caravel.gr\/spiaggia-di-vai\/"},"modified":"2022-04-04T12:00:36","modified_gmt":"2022-04-04T09:00:36","slug":"spiaggia-di-vai","status":"publish","type":"post","link":"https:\/\/caravel.gr\/it\/spiaggia-di-vai\/","title":{"rendered":"Spiaggia di Vai"},"content":{"rendered":"\n<p><strong>Vai<\/strong> , o pi\u00f9 precisamente la foresta di palme di Vai, \u00e8 uno dei luoghi pi\u00f9 famosi di Creta e uno dei luoghi pi\u00f9 belli e speciali di tutto il Mediterraneo. Vai attira migliaia di visitatori ogni anno. Vengono non solo per la sua meravigliosa foresta di palme, ma anche per la grande spiaggia sabbiosa che si estende ai suoi piedi. Negli anni &#8217;80 Vai \u00e8 stata decretata area protetta e bonificata. Oggi \u00e8 considerata una delle parti pi\u00f9 belle di Creta e la spiaggia \u00e8 stata insignita della Bandiera Blu dall&#8217;Unione Europea.<\/p>\n\n<iframe src=\"https:\/\/www.google.com\/maps\/embed?pb=!1m18!1m12!1m3!1d13032.294561749703!2d26.25617624022103!3d35.25442370706447!2m3!1f0!2f0!3f0!3m2!1i1024!2i768!4f13.1!3m3!1m2!1s0x1490e66f71d012b1%3A0xfa8fee74909ca3c5!2sVai%20Beach!5e0!3m2!1sen!2sgr!4v1644411455672!5m2!1sen!2sgr\" width=\"100%\" height=\"650\" style=\"border:0;\" allowfullscreen=\"\" loading=\"lazy\"><\/iframe>\n\n<figure class=\"wp-block-image size-large\"><img fetchpriority=\"high\" decoding=\"async\" width=\"1024\" height=\"768\" src=\"https:\/\/caravel.gr\/wp-content\/uploads\/2022\/02\/vai-beach-2-1024x768.jpg\" alt=\"\" class=\"wp-image-867\" srcset=\"https:\/\/caravel.gr\/wp-content\/uploads\/2022\/02\/vai-beach-2-1024x768.jpg 1024w, https:\/\/caravel.gr\/wp-content\/uploads\/2022\/02\/vai-beach-2-300x225.jpg 300w, https:\/\/caravel.gr\/wp-content\/uploads\/2022\/02\/vai-beach-2-768x576.jpg 768w, https:\/\/caravel.gr\/wp-content\/uploads\/2022\/02\/vai-beach-2-1536x1152.jpg 1536w, https:\/\/caravel.gr\/wp-content\/uploads\/2022\/02\/vai-beach-2.jpg 1920w\" sizes=\"(max-width: 1024px) 100vw, 1024px\" \/><figcaption>Spiaggia di Vai<\/figcaption><\/figure>","protected":false},"excerpt":{"rendered":"<p>Vai , o pi\u00f9 precisamente la foresta di palme di Vai, \u00e8 uno dei luoghi pi\u00f9 famosi di Creta e uno dei luoghi pi\u00f9 belli e speciali di tutto il Mediterraneo. Vai attira migliaia di visitatori ogni anno. Vengono non solo per la sua meravigliosa foresta di palme, ma anche per la grande spiaggia sabbiosa [&hellip;]<\/p>\n","protected":false},"author":4,"featured_media":865,"comment_status":"open","ping_status":"open","sticky":false,"template":"","format":"standard","meta":{"footnotes":""},"categories":[39],"tags":[],"class_list":["post-3376","post","type-post","status-publish","format-standard","has-post-thumbnail","hentry","category-esplora-creta"],"yoast_head":"<!-- This site is optimized with the Yoast SEO Premium plugin v22.7 (Yoast SEO v27.4) - https:\/\/yoast.com\/product\/yoast-seo-premium-wordpress\/ -->\n<title>Spiaggia di Vai - Rent A Car Crete with Caravel<\/title>\n<meta name=\"robots\" content=\"index, follow, max-snippet:-1, max-image-preview:large, max-video-preview:-1\" \/>\n<link rel=\"canonical\" href=\"https:\/\/caravel.gr\/it\/spiaggia-di-vai\/\" \/>\n<meta property=\"og:locale\" content=\"it_IT\" \/>\n<meta property=\"og:type\" content=\"article\" \/>\n<meta property=\"og:title\" content=\"Spiaggia di Vai\" \/>\n<meta property=\"og:description\" content=\"Vai , o pi\u00f9 precisamente la foresta di palme di Vai, \u00e8 uno dei luoghi pi\u00f9 famosi di Creta e uno dei luoghi pi\u00f9 belli e speciali di tutto il Mediterraneo. Vai attira migliaia di visitatori ogni anno. Vengono non solo per la sua meravigliosa foresta di palme, ma anche per la grande spiaggia sabbiosa [&hellip;]\" \/>\n<meta property=\"og:url\" content=\"https:\/\/caravel.gr\/it\/spiaggia-di-vai\/\" \/>\n<meta property=\"og:site_name\" content=\"Rent A Car Crete with Caravel\" \/>\n<meta property=\"article:published_time\" content=\"2021-02-09T10:59:39+00:00\" \/>\n<meta property=\"article:modified_time\" content=\"2022-04-04T09:00:36+00:00\" \/>\n<meta property=\"og:image\" content=\"https:\/\/caravel.gr\/wp-content\/uploads\/2022\/02\/VAI-Beach.jpg\" \/>\n\t<meta property=\"og:image:width\" content=\"1700\" \/>\n\t<meta property=\"og:image:height\" content=\"1135\" \/>\n\t<meta property=\"og:image:type\" content=\"image\/jpeg\" \/>\n<meta name=\"author\" content=\"Admin Admin\" \/>\n<meta name=\"twitter:card\" content=\"summary_large_image\" \/>\n<meta name=\"twitter:label1\" content=\"Scritto da\" \/>\n\t<meta name=\"twitter:data1\" content=\"Admin Admin\" \/>\n<script type=\"application\/ld+json\" class=\"yoast-schema-graph\">{\"@context\":\"https:\\\/\\\/schema.org\",\"@graph\":[{\"@type\":\"Article\",\"@id\":\"https:\\\/\\\/caravel.gr\\\/it\\\/spiaggia-di-vai\\\/#article\",\"isPartOf\":{\"@id\":\"https:\\\/\\\/caravel.gr\\\/it\\\/spiaggia-di-vai\\\/\"},\"author\":{\"name\":\"Admin Admin\",\"@id\":\"https:\\\/\\\/caravel.gr\\\/#\\\/schema\\\/person\\\/c6c35c5a1636a5da2e2c4a527f5dbb49\"},\"headline\":\"Spiaggia di Vai\",\"datePublished\":\"2021-02-09T10:59:39+00:00\",\"dateModified\":\"2022-04-04T09:00:36+00:00\",\"mainEntityOfPage\":{\"@id\":\"https:\\\/\\\/caravel.gr\\\/it\\\/spiaggia-di-vai\\\/\"},\"wordCount\":94,\"commentCount\":0,\"publisher\":{\"@id\":\"https:\\\/\\\/caravel.gr\\\/#organization\"},\"image\":{\"@id\":\"https:\\\/\\\/caravel.gr\\\/it\\\/spiaggia-di-vai\\\/#primaryimage\"},\"thumbnailUrl\":\"https:\\\/\\\/caravel.gr\\\/wp-content\\\/uploads\\\/2022\\\/02\\\/VAI-Beach.jpg\",\"articleSection\":[\"Esplora Creta\"],\"inLanguage\":\"it-IT\"},{\"@type\":\"WebPage\",\"@id\":\"https:\\\/\\\/caravel.gr\\\/it\\\/spiaggia-di-vai\\\/\",\"url\":\"https:\\\/\\\/caravel.gr\\\/it\\\/spiaggia-di-vai\\\/\",\"name\":\"Spiaggia di Vai - Rent A Car Crete with Caravel\",\"isPartOf\":{\"@id\":\"https:\\\/\\\/caravel.gr\\\/#website\"},\"primaryImageOfPage\":{\"@id\":\"https:\\\/\\\/caravel.gr\\\/it\\\/spiaggia-di-vai\\\/#primaryimage\"},\"image\":{\"@id\":\"https:\\\/\\\/caravel.gr\\\/it\\\/spiaggia-di-vai\\\/#primaryimage\"},\"thumbnailUrl\":\"https:\\\/\\\/caravel.gr\\\/wp-content\\\/uploads\\\/2022\\\/02\\\/VAI-Beach.jpg\",\"datePublished\":\"2021-02-09T10:59:39+00:00\",\"dateModified\":\"2022-04-04T09:00:36+00:00\",\"breadcrumb\":{\"@id\":\"https:\\\/\\\/caravel.gr\\\/it\\\/spiaggia-di-vai\\\/#breadcrumb\"},\"inLanguage\":\"it-IT\",\"potentialAction\":[{\"@type\":\"ReadAction\",\"target\":[\"https:\\\/\\\/caravel.gr\\\/it\\\/spiaggia-di-vai\\\/\"]}]},{\"@type\":\"ImageObject\",\"inLanguage\":\"it-IT\",\"@id\":\"https:\\\/\\\/caravel.gr\\\/it\\\/spiaggia-di-vai\\\/#primaryimage\",\"url\":\"https:\\\/\\\/caravel.gr\\\/wp-content\\\/uploads\\\/2022\\\/02\\\/VAI-Beach.jpg\",\"contentUrl\":\"https:\\\/\\\/caravel.gr\\\/wp-content\\\/uploads\\\/2022\\\/02\\\/VAI-Beach.jpg\",\"width\":1700,\"height\":1135},{\"@type\":\"BreadcrumbList\",\"@id\":\"https:\\\/\\\/caravel.gr\\\/it\\\/spiaggia-di-vai\\\/#breadcrumb\",\"itemListElement\":[{\"@type\":\"ListItem\",\"position\":1,\"name\":\"Home\",\"item\":\"https:\\\/\\\/caravel.gr\\\/\"},{\"@type\":\"ListItem\",\"position\":2,\"name\":\"Spiaggia di Vai\"}]},{\"@type\":\"WebSite\",\"@id\":\"https:\\\/\\\/caravel.gr\\\/#website\",\"url\":\"https:\\\/\\\/caravel.gr\\\/\",\"name\":\"Rent A Car Crete with Caravel\",\"description\":\"Car Hire in Crete\",\"publisher\":{\"@id\":\"https:\\\/\\\/caravel.gr\\\/#organization\"},\"potentialAction\":[{\"@type\":\"SearchAction\",\"target\":{\"@type\":\"EntryPoint\",\"urlTemplate\":\"https:\\\/\\\/caravel.gr\\\/?s={search_term_string}\"},\"query-input\":{\"@type\":\"PropertyValueSpecification\",\"valueRequired\":true,\"valueName\":\"search_term_string\"}}],\"inLanguage\":\"it-IT\"},{\"@type\":\"Organization\",\"@id\":\"https:\\\/\\\/caravel.gr\\\/#organization\",\"name\":\"Rent A Car Crete with Caravel\",\"url\":\"https:\\\/\\\/caravel.gr\\\/\",\"logo\":{\"@type\":\"ImageObject\",\"inLanguage\":\"it-IT\",\"@id\":\"https:\\\/\\\/caravel.gr\\\/#\\\/schema\\\/logo\\\/image\\\/\",\"url\":\"https:\\\/\\\/caravel.gr\\\/wp-content\\\/uploads\\\/2022\\\/01\\\/caravel-logo_0_0.jpg\",\"contentUrl\":\"https:\\\/\\\/caravel.gr\\\/wp-content\\\/uploads\\\/2022\\\/01\\\/caravel-logo_0_0.jpg\",\"width\":210,\"height\":80,\"caption\":\"Rent A Car Crete with Caravel\"},\"image\":{\"@id\":\"https:\\\/\\\/caravel.gr\\\/#\\\/schema\\\/logo\\\/image\\\/\"}},{\"@type\":\"Person\",\"@id\":\"https:\\\/\\\/caravel.gr\\\/#\\\/schema\\\/person\\\/c6c35c5a1636a5da2e2c4a527f5dbb49\",\"name\":\"Admin Admin\",\"image\":{\"@type\":\"ImageObject\",\"inLanguage\":\"it-IT\",\"@id\":\"https:\\\/\\\/secure.gravatar.com\\\/avatar\\\/65744b15ba6987b50233fe8166ba058522ad7a59feb6a5cfc36f447718ea441c?s=96&d=mm&r=g\",\"url\":\"https:\\\/\\\/secure.gravatar.com\\\/avatar\\\/65744b15ba6987b50233fe8166ba058522ad7a59feb6a5cfc36f447718ea441c?s=96&d=mm&r=g\",\"contentUrl\":\"https:\\\/\\\/secure.gravatar.com\\\/avatar\\\/65744b15ba6987b50233fe8166ba058522ad7a59feb6a5cfc36f447718ea441c?s=96&d=mm&r=g\",\"caption\":\"Admin Admin\"},\"url\":\"https:\\\/\\\/caravel.gr\\\/it\\\/author\\\/caradmin1\\\/\"}]}<\/script>\n<!-- \/ Yoast SEO Premium plugin. -->","yoast_head_json":{"title":"Spiaggia di Vai - Rent A Car Crete with Caravel","robots":{"index":"index","follow":"follow","max-snippet":"max-snippet:-1","max-image-preview":"max-image-preview:large","max-video-preview":"max-video-preview:-1"},"canonical":"https:\/\/caravel.gr\/it\/spiaggia-di-vai\/","og_locale":"it_IT","og_type":"article","og_title":"Spiaggia di Vai","og_description":"Vai , o pi\u00f9 precisamente la foresta di palme di Vai, \u00e8 uno dei luoghi pi\u00f9 famosi di Creta e uno dei luoghi pi\u00f9 belli e speciali di tutto il Mediterraneo. Vai attira migliaia di visitatori ogni anno. Vengono non solo per la sua meravigliosa foresta di palme, ma anche per la grande spiaggia sabbiosa [&hellip;]","og_url":"https:\/\/caravel.gr\/it\/spiaggia-di-vai\/","og_site_name":"Rent A Car Crete with Caravel","article_published_time":"2021-02-09T10:59:39+00:00","article_modified_time":"2022-04-04T09:00:36+00:00","og_image":[{"width":1700,"height":1135,"url":"https:\/\/caravel.gr\/wp-content\/uploads\/2022\/02\/VAI-Beach.jpg","type":"image\/jpeg"}],"author":"Admin Admin","twitter_card":"summary_large_image","twitter_misc":{"Scritto da":"Admin Admin"},"schema":{"@context":"https:\/\/schema.org","@graph":[{"@type":"Article","@id":"https:\/\/caravel.gr\/it\/spiaggia-di-vai\/#article","isPartOf":{"@id":"https:\/\/caravel.gr\/it\/spiaggia-di-vai\/"},"author":{"name":"Admin Admin","@id":"https:\/\/caravel.gr\/#\/schema\/person\/c6c35c5a1636a5da2e2c4a527f5dbb49"},"headline":"Spiaggia di Vai","datePublished":"2021-02-09T10:59:39+00:00","dateModified":"2022-04-04T09:00:36+00:00","mainEntityOfPage":{"@id":"https:\/\/caravel.gr\/it\/spiaggia-di-vai\/"},"wordCount":94,"commentCount":0,"publisher":{"@id":"https:\/\/caravel.gr\/#organization"},"image":{"@id":"https:\/\/caravel.gr\/it\/spiaggia-di-vai\/#primaryimage"},"thumbnailUrl":"https:\/\/caravel.gr\/wp-content\/uploads\/2022\/02\/VAI-Beach.jpg","articleSection":["Esplora Creta"],"inLanguage":"it-IT"},{"@type":"WebPage","@id":"https:\/\/caravel.gr\/it\/spiaggia-di-vai\/","url":"https:\/\/caravel.gr\/it\/spiaggia-di-vai\/","name":"Spiaggia di Vai - Rent A Car Crete with Caravel","isPartOf":{"@id":"https:\/\/caravel.gr\/#website"},"primaryImageOfPage":{"@id":"https:\/\/caravel.gr\/it\/spiaggia-di-vai\/#primaryimage"},"image":{"@id":"https:\/\/caravel.gr\/it\/spiaggia-di-vai\/#primaryimage"},"thumbnailUrl":"https:\/\/caravel.gr\/wp-content\/uploads\/2022\/02\/VAI-Beach.jpg","datePublished":"2021-02-09T10:59:39+00:00","dateModified":"2022-04-04T09:00:36+00:00","breadcrumb":{"@id":"https:\/\/caravel.gr\/it\/spiaggia-di-vai\/#breadcrumb"},"inLanguage":"it-IT","potentialAction":[{"@type":"ReadAction","target":["https:\/\/caravel.gr\/it\/spiaggia-di-vai\/"]}]},{"@type":"ImageObject","inLanguage":"it-IT","@id":"https:\/\/caravel.gr\/it\/spiaggia-di-vai\/#primaryimage","url":"https:\/\/caravel.gr\/wp-content\/uploads\/2022\/02\/VAI-Beach.jpg","contentUrl":"https:\/\/caravel.gr\/wp-content\/uploads\/2022\/02\/VAI-Beach.jpg","width":1700,"height":1135},{"@type":"BreadcrumbList","@id":"https:\/\/caravel.gr\/it\/spiaggia-di-vai\/#breadcrumb","itemListElement":[{"@type":"ListItem","position":1,"name":"Home","item":"https:\/\/caravel.gr\/"},{"@type":"ListItem","position":2,"name":"Spiaggia di Vai"}]},{"@type":"WebSite","@id":"https:\/\/caravel.gr\/#website","url":"https:\/\/caravel.gr\/","name":"Rent A Car Crete with Caravel","description":"Car Hire in Crete","publisher":{"@id":"https:\/\/caravel.gr\/#organization"},"potentialAction":[{"@type":"SearchAction","target":{"@type":"EntryPoint","urlTemplate":"https:\/\/caravel.gr\/?s={search_term_string}"},"query-input":{"@type":"PropertyValueSpecification","valueRequired":true,"valueName":"search_term_string"}}],"inLanguage":"it-IT"},{"@type":"Organization","@id":"https:\/\/caravel.gr\/#organization","name":"Rent A Car Crete with Caravel","url":"https:\/\/caravel.gr\/","logo":{"@type":"ImageObject","inLanguage":"it-IT","@id":"https:\/\/caravel.gr\/#\/schema\/logo\/image\/","url":"https:\/\/caravel.gr\/wp-content\/uploads\/2022\/01\/caravel-logo_0_0.jpg","contentUrl":"https:\/\/caravel.gr\/wp-content\/uploads\/2022\/01\/caravel-logo_0_0.jpg","width":210,"height":80,"caption":"Rent A Car Crete with Caravel"},"image":{"@id":"https:\/\/caravel.gr\/#\/schema\/logo\/image\/"}},{"@type":"Person","@id":"https:\/\/caravel.gr\/#\/schema\/person\/c6c35c5a1636a5da2e2c4a527f5dbb49","name":"Admin Admin","image":{"@type":"ImageObject","inLanguage":"it-IT","@id":"https:\/\/secure.gravatar.com\/avatar\/65744b15ba6987b50233fe8166ba058522ad7a59feb6a5cfc36f447718ea441c?s=96&d=mm&r=g","url":"https:\/\/secure.gravatar.com\/avatar\/65744b15ba6987b50233fe8166ba058522ad7a59feb6a5cfc36f447718ea441c?s=96&d=mm&r=g","contentUrl":"https:\/\/secure.gravatar.com\/avatar\/65744b15ba6987b50233fe8166ba058522ad7a59feb6a5cfc36f447718ea441c?s=96&d=mm&r=g","caption":"Admin Admin"},"url":"https:\/\/caravel.gr\/it\/author\/caradmin1\/"}]}},"_links":{"self":[{"href":"https:\/\/caravel.gr\/it\/wp-json\/wp\/v2\/posts\/3376","targetHints":{"allow":["GET"]}}],"collection":[{"href":"https:\/\/caravel.gr\/it\/wp-json\/wp\/v2\/posts"}],"about":[{"href":"https:\/\/caravel.gr\/it\/wp-json\/wp\/v2\/types\/post"}],"author":[{"embeddable":true,"href":"https:\/\/caravel.gr\/it\/wp-json\/wp\/v2\/users\/4"}],"replies":[{"embeddable":true,"href":"https:\/\/caravel.gr\/it\/wp-json\/wp\/v2\/comments?post=3376"}],"version-history":[{"count":1,"href":"https:\/\/caravel.gr\/it\/wp-json\/wp\/v2\/posts\/3376\/revisions"}],"predecessor-version":[{"id":3384,"href":"https:\/\/caravel.gr\/it\/wp-json\/wp\/v2\/posts\/3376\/revisions\/3384"}],"wp:featuredmedia":[{"embeddable":true,"href":"https:\/\/caravel.gr\/it\/wp-json\/wp\/v2\/media\/865"}],"wp:attachment":[{"href":"https:\/\/caravel.gr\/it\/wp-json\/wp\/v2\/media?parent=3376"}],"wp:term":[{"taxonomy":"category","embeddable":true,"href":"https:\/\/caravel.gr\/it\/wp-json\/wp\/v2\/categories?post=3376"},{"taxonomy":"post_tag","embeddable":true,"href":"https:\/\/caravel.gr\/it\/wp-json\/wp\/v2\/tags?post=3376"}],"curies":[{"name":"wp","href":"https:\/\/api.w.org\/{rel}","templated":true}]}}