{"id":3417,"date":"2021-02-09T12:43:46","date_gmt":"2021-02-09T10:43:46","guid":{"rendered":"https:\/\/caravel.gr\/falasarna\/"},"modified":"2022-04-04T12:00:42","modified_gmt":"2022-04-04T09:00:42","slug":"falasarna","status":"publish","type":"post","link":"https:\/\/caravel.gr\/fr\/falasarna\/","title":{"rendered":"Falasarna"},"content":{"rendered":"\n<p><strong>Falasarna<\/strong> est \u00e0 16 kilom\u00e8tres \u00e0 l&rsquo;ouest de Kissamos. Les visiteurs pr\u00e9f\u00e8rent la longue et large \u00e9tendue de plage de sable, consid\u00e9r\u00e9e comme l&rsquo;une des meilleures de Cr\u00e8te. Il est divis\u00e9 en plusieurs criques par des fl\u00e8ches rocheuses et est connu pour ses magnifiques couchers de soleil et ses teintes roses refl\u00e9tant le corail fin dans le sable.<\/p>\n\n<iframe src=\"https:\/\/www.google.com\/maps\/embed?pb=!1m18!1m12!1m3!1d6496.941226445006!2d23.57560997751672!3d35.49263975628167!2m3!1f0!2f0!3f0!3m2!1i1024!2i768!4f13.1!3m3!1m2!1s0x149cf0aedf9c964f%3A0x96c1687d57cade49!2sFalasarna%20beach!5e0!3m2!1sen!2sgr!4v1644410588747!5m2!1sen!2sgr\" width=\"100%\" height=\"650\" style=\"border:0;\" allowfullscreen=\"\" loading=\"lazy\"><\/iframe>\n","protected":false},"excerpt":{"rendered":"<p>Falasarna est \u00e0 16 kilom\u00e8tres \u00e0 l&rsquo;ouest de Kissamos. Les visiteurs pr\u00e9f\u00e8rent la longue et large \u00e9tendue de plage de sable, consid\u00e9r\u00e9e comme l&rsquo;une des meilleures de Cr\u00e8te. Il est divis\u00e9 en plusieurs criques par des fl\u00e8ches rocheuses et est connu pour ses magnifiques couchers de soleil et ses teintes roses refl\u00e9tant le corail fin [&hellip;]<\/p>\n","protected":false},"author":4,"featured_media":808,"comment_status":"open","ping_status":"open","sticky":false,"template":"","format":"standard","meta":{"footnotes":""},"categories":[41],"tags":[],"class_list":["post-3417","post","type-post","status-publish","format-standard","has-post-thumbnail","hentry","category-explorez-la-crete"],"yoast_head":"<!-- This site is optimized with the Yoast SEO Premium plugin v22.7 (Yoast SEO v27.4) - https:\/\/yoast.com\/product\/yoast-seo-premium-wordpress\/ -->\n<title>Falasarna - Rent A Car Crete with Caravel<\/title>\n<meta name=\"robots\" content=\"index, follow, max-snippet:-1, max-image-preview:large, max-video-preview:-1\" \/>\n<link rel=\"canonical\" href=\"https:\/\/caravel.gr\/fr\/falasarna\/\" \/>\n<meta property=\"og:locale\" content=\"fr_FR\" \/>\n<meta property=\"og:type\" content=\"article\" \/>\n<meta property=\"og:title\" content=\"Falasarna\" \/>\n<meta property=\"og:description\" content=\"Falasarna est \u00e0 16 kilom\u00e8tres \u00e0 l&rsquo;ouest de Kissamos. Les visiteurs pr\u00e9f\u00e8rent la longue et large \u00e9tendue de plage de sable, consid\u00e9r\u00e9e comme l&rsquo;une des meilleures de Cr\u00e8te. Il est divis\u00e9 en plusieurs criques par des fl\u00e8ches rocheuses et est connu pour ses magnifiques couchers de soleil et ses teintes roses refl\u00e9tant le corail fin [&hellip;]\" \/>\n<meta property=\"og:url\" content=\"https:\/\/caravel.gr\/fr\/falasarna\/\" \/>\n<meta property=\"og:site_name\" content=\"Rent A Car Crete with Caravel\" \/>\n<meta property=\"article:published_time\" content=\"2021-02-09T10:43:46+00:00\" \/>\n<meta property=\"article:modified_time\" content=\"2022-04-04T09:00:42+00:00\" \/>\n<meta property=\"og:image\" content=\"https:\/\/caravel.gr\/wp-content\/uploads\/2022\/02\/falasarna-beach.jpg\" \/>\n\t<meta property=\"og:image:width\" content=\"1200\" \/>\n\t<meta property=\"og:image:height\" content=\"754\" \/>\n\t<meta property=\"og:image:type\" content=\"image\/jpeg\" \/>\n<meta name=\"author\" content=\"Admin Admin\" \/>\n<meta name=\"twitter:card\" content=\"summary_large_image\" \/>\n<meta name=\"twitter:label1\" content=\"\u00c9crit par\" \/>\n\t<meta name=\"twitter:data1\" content=\"Admin Admin\" \/>\n<script type=\"application\/ld+json\" class=\"yoast-schema-graph\">{\"@context\":\"https:\\\/\\\/schema.org\",\"@graph\":[{\"@type\":\"Article\",\"@id\":\"https:\\\/\\\/caravel.gr\\\/fr\\\/falasarna\\\/#article\",\"isPartOf\":{\"@id\":\"https:\\\/\\\/caravel.gr\\\/fr\\\/falasarna\\\/\"},\"author\":{\"name\":\"Admin Admin\",\"@id\":\"https:\\\/\\\/caravel.gr\\\/#\\\/schema\\\/person\\\/c6c35c5a1636a5da2e2c4a527f5dbb49\"},\"headline\":\"Falasarna\",\"datePublished\":\"2021-02-09T10:43:46+00:00\",\"dateModified\":\"2022-04-04T09:00:42+00:00\",\"mainEntityOfPage\":{\"@id\":\"https:\\\/\\\/caravel.gr\\\/fr\\\/falasarna\\\/\"},\"wordCount\":66,\"commentCount\":0,\"publisher\":{\"@id\":\"https:\\\/\\\/caravel.gr\\\/#organization\"},\"image\":{\"@id\":\"https:\\\/\\\/caravel.gr\\\/fr\\\/falasarna\\\/#primaryimage\"},\"thumbnailUrl\":\"https:\\\/\\\/caravel.gr\\\/wp-content\\\/uploads\\\/2022\\\/02\\\/falasarna-beach.jpg\",\"articleSection\":[\"Explorez la Cr\u00e8te\"],\"inLanguage\":\"fr-FR\"},{\"@type\":\"WebPage\",\"@id\":\"https:\\\/\\\/caravel.gr\\\/fr\\\/falasarna\\\/\",\"url\":\"https:\\\/\\\/caravel.gr\\\/fr\\\/falasarna\\\/\",\"name\":\"Falasarna - Rent A Car Crete with Caravel\",\"isPartOf\":{\"@id\":\"https:\\\/\\\/caravel.gr\\\/#website\"},\"primaryImageOfPage\":{\"@id\":\"https:\\\/\\\/caravel.gr\\\/fr\\\/falasarna\\\/#primaryimage\"},\"image\":{\"@id\":\"https:\\\/\\\/caravel.gr\\\/fr\\\/falasarna\\\/#primaryimage\"},\"thumbnailUrl\":\"https:\\\/\\\/caravel.gr\\\/wp-content\\\/uploads\\\/2022\\\/02\\\/falasarna-beach.jpg\",\"datePublished\":\"2021-02-09T10:43:46+00:00\",\"dateModified\":\"2022-04-04T09:00:42+00:00\",\"breadcrumb\":{\"@id\":\"https:\\\/\\\/caravel.gr\\\/fr\\\/falasarna\\\/#breadcrumb\"},\"inLanguage\":\"fr-FR\",\"potentialAction\":[{\"@type\":\"ReadAction\",\"target\":[\"https:\\\/\\\/caravel.gr\\\/fr\\\/falasarna\\\/\"]}]},{\"@type\":\"ImageObject\",\"inLanguage\":\"fr-FR\",\"@id\":\"https:\\\/\\\/caravel.gr\\\/fr\\\/falasarna\\\/#primaryimage\",\"url\":\"https:\\\/\\\/caravel.gr\\\/wp-content\\\/uploads\\\/2022\\\/02\\\/falasarna-beach.jpg\",\"contentUrl\":\"https:\\\/\\\/caravel.gr\\\/wp-content\\\/uploads\\\/2022\\\/02\\\/falasarna-beach.jpg\",\"width\":1200,\"height\":754},{\"@type\":\"BreadcrumbList\",\"@id\":\"https:\\\/\\\/caravel.gr\\\/fr\\\/falasarna\\\/#breadcrumb\",\"itemListElement\":[{\"@type\":\"ListItem\",\"position\":1,\"name\":\"Home\",\"item\":\"https:\\\/\\\/caravel.gr\\\/\"},{\"@type\":\"ListItem\",\"position\":2,\"name\":\"Falasarna\"}]},{\"@type\":\"WebSite\",\"@id\":\"https:\\\/\\\/caravel.gr\\\/#website\",\"url\":\"https:\\\/\\\/caravel.gr\\\/\",\"name\":\"Rent A Car Crete with Caravel\",\"description\":\"Car Hire in Crete\",\"publisher\":{\"@id\":\"https:\\\/\\\/caravel.gr\\\/#organization\"},\"potentialAction\":[{\"@type\":\"SearchAction\",\"target\":{\"@type\":\"EntryPoint\",\"urlTemplate\":\"https:\\\/\\\/caravel.gr\\\/?s={search_term_string}\"},\"query-input\":{\"@type\":\"PropertyValueSpecification\",\"valueRequired\":true,\"valueName\":\"search_term_string\"}}],\"inLanguage\":\"fr-FR\"},{\"@type\":\"Organization\",\"@id\":\"https:\\\/\\\/caravel.gr\\\/#organization\",\"name\":\"Rent A Car Crete with Caravel\",\"url\":\"https:\\\/\\\/caravel.gr\\\/\",\"logo\":{\"@type\":\"ImageObject\",\"inLanguage\":\"fr-FR\",\"@id\":\"https:\\\/\\\/caravel.gr\\\/#\\\/schema\\\/logo\\\/image\\\/\",\"url\":\"https:\\\/\\\/caravel.gr\\\/wp-content\\\/uploads\\\/2022\\\/01\\\/caravel-logo_0_0.jpg\",\"contentUrl\":\"https:\\\/\\\/caravel.gr\\\/wp-content\\\/uploads\\\/2022\\\/01\\\/caravel-logo_0_0.jpg\",\"width\":210,\"height\":80,\"caption\":\"Rent A Car Crete with Caravel\"},\"image\":{\"@id\":\"https:\\\/\\\/caravel.gr\\\/#\\\/schema\\\/logo\\\/image\\\/\"}},{\"@type\":\"Person\",\"@id\":\"https:\\\/\\\/caravel.gr\\\/#\\\/schema\\\/person\\\/c6c35c5a1636a5da2e2c4a527f5dbb49\",\"name\":\"Admin Admin\",\"image\":{\"@type\":\"ImageObject\",\"inLanguage\":\"fr-FR\",\"@id\":\"https:\\\/\\\/secure.gravatar.com\\\/avatar\\\/65744b15ba6987b50233fe8166ba058522ad7a59feb6a5cfc36f447718ea441c?s=96&d=mm&r=g\",\"url\":\"https:\\\/\\\/secure.gravatar.com\\\/avatar\\\/65744b15ba6987b50233fe8166ba058522ad7a59feb6a5cfc36f447718ea441c?s=96&d=mm&r=g\",\"contentUrl\":\"https:\\\/\\\/secure.gravatar.com\\\/avatar\\\/65744b15ba6987b50233fe8166ba058522ad7a59feb6a5cfc36f447718ea441c?s=96&d=mm&r=g\",\"caption\":\"Admin Admin\"},\"url\":\"https:\\\/\\\/caravel.gr\\\/fr\\\/author\\\/caradmin1\\\/\"}]}<\/script>\n<!-- \/ Yoast SEO Premium plugin. -->","yoast_head_json":{"title":"Falasarna - Rent A Car Crete with Caravel","robots":{"index":"index","follow":"follow","max-snippet":"max-snippet:-1","max-image-preview":"max-image-preview:large","max-video-preview":"max-video-preview:-1"},"canonical":"https:\/\/caravel.gr\/fr\/falasarna\/","og_locale":"fr_FR","og_type":"article","og_title":"Falasarna","og_description":"Falasarna est \u00e0 16 kilom\u00e8tres \u00e0 l&rsquo;ouest de Kissamos. Les visiteurs pr\u00e9f\u00e8rent la longue et large \u00e9tendue de plage de sable, consid\u00e9r\u00e9e comme l&rsquo;une des meilleures de Cr\u00e8te. Il est divis\u00e9 en plusieurs criques par des fl\u00e8ches rocheuses et est connu pour ses magnifiques couchers de soleil et ses teintes roses refl\u00e9tant le corail fin [&hellip;]","og_url":"https:\/\/caravel.gr\/fr\/falasarna\/","og_site_name":"Rent A Car Crete with Caravel","article_published_time":"2021-02-09T10:43:46+00:00","article_modified_time":"2022-04-04T09:00:42+00:00","og_image":[{"width":1200,"height":754,"url":"https:\/\/caravel.gr\/wp-content\/uploads\/2022\/02\/falasarna-beach.jpg","type":"image\/jpeg"}],"author":"Admin Admin","twitter_card":"summary_large_image","twitter_misc":{"\u00c9crit par":"Admin Admin"},"schema":{"@context":"https:\/\/schema.org","@graph":[{"@type":"Article","@id":"https:\/\/caravel.gr\/fr\/falasarna\/#article","isPartOf":{"@id":"https:\/\/caravel.gr\/fr\/falasarna\/"},"author":{"name":"Admin Admin","@id":"https:\/\/caravel.gr\/#\/schema\/person\/c6c35c5a1636a5da2e2c4a527f5dbb49"},"headline":"Falasarna","datePublished":"2021-02-09T10:43:46+00:00","dateModified":"2022-04-04T09:00:42+00:00","mainEntityOfPage":{"@id":"https:\/\/caravel.gr\/fr\/falasarna\/"},"wordCount":66,"commentCount":0,"publisher":{"@id":"https:\/\/caravel.gr\/#organization"},"image":{"@id":"https:\/\/caravel.gr\/fr\/falasarna\/#primaryimage"},"thumbnailUrl":"https:\/\/caravel.gr\/wp-content\/uploads\/2022\/02\/falasarna-beach.jpg","articleSection":["Explorez la Cr\u00e8te"],"inLanguage":"fr-FR"},{"@type":"WebPage","@id":"https:\/\/caravel.gr\/fr\/falasarna\/","url":"https:\/\/caravel.gr\/fr\/falasarna\/","name":"Falasarna - Rent A Car Crete with Caravel","isPartOf":{"@id":"https:\/\/caravel.gr\/#website"},"primaryImageOfPage":{"@id":"https:\/\/caravel.gr\/fr\/falasarna\/#primaryimage"},"image":{"@id":"https:\/\/caravel.gr\/fr\/falasarna\/#primaryimage"},"thumbnailUrl":"https:\/\/caravel.gr\/wp-content\/uploads\/2022\/02\/falasarna-beach.jpg","datePublished":"2021-02-09T10:43:46+00:00","dateModified":"2022-04-04T09:00:42+00:00","breadcrumb":{"@id":"https:\/\/caravel.gr\/fr\/falasarna\/#breadcrumb"},"inLanguage":"fr-FR","potentialAction":[{"@type":"ReadAction","target":["https:\/\/caravel.gr\/fr\/falasarna\/"]}]},{"@type":"ImageObject","inLanguage":"fr-FR","@id":"https:\/\/caravel.gr\/fr\/falasarna\/#primaryimage","url":"https:\/\/caravel.gr\/wp-content\/uploads\/2022\/02\/falasarna-beach.jpg","contentUrl":"https:\/\/caravel.gr\/wp-content\/uploads\/2022\/02\/falasarna-beach.jpg","width":1200,"height":754},{"@type":"BreadcrumbList","@id":"https:\/\/caravel.gr\/fr\/falasarna\/#breadcrumb","itemListElement":[{"@type":"ListItem","position":1,"name":"Home","item":"https:\/\/caravel.gr\/"},{"@type":"ListItem","position":2,"name":"Falasarna"}]},{"@type":"WebSite","@id":"https:\/\/caravel.gr\/#website","url":"https:\/\/caravel.gr\/","name":"Rent A Car Crete with Caravel","description":"Car Hire in Crete","publisher":{"@id":"https:\/\/caravel.gr\/#organization"},"potentialAction":[{"@type":"SearchAction","target":{"@type":"EntryPoint","urlTemplate":"https:\/\/caravel.gr\/?s={search_term_string}"},"query-input":{"@type":"PropertyValueSpecification","valueRequired":true,"valueName":"search_term_string"}}],"inLanguage":"fr-FR"},{"@type":"Organization","@id":"https:\/\/caravel.gr\/#organization","name":"Rent A Car Crete with Caravel","url":"https:\/\/caravel.gr\/","logo":{"@type":"ImageObject","inLanguage":"fr-FR","@id":"https:\/\/caravel.gr\/#\/schema\/logo\/image\/","url":"https:\/\/caravel.gr\/wp-content\/uploads\/2022\/01\/caravel-logo_0_0.jpg","contentUrl":"https:\/\/caravel.gr\/wp-content\/uploads\/2022\/01\/caravel-logo_0_0.jpg","width":210,"height":80,"caption":"Rent A Car Crete with Caravel"},"image":{"@id":"https:\/\/caravel.gr\/#\/schema\/logo\/image\/"}},{"@type":"Person","@id":"https:\/\/caravel.gr\/#\/schema\/person\/c6c35c5a1636a5da2e2c4a527f5dbb49","name":"Admin Admin","image":{"@type":"ImageObject","inLanguage":"fr-FR","@id":"https:\/\/secure.gravatar.com\/avatar\/65744b15ba6987b50233fe8166ba058522ad7a59feb6a5cfc36f447718ea441c?s=96&d=mm&r=g","url":"https:\/\/secure.gravatar.com\/avatar\/65744b15ba6987b50233fe8166ba058522ad7a59feb6a5cfc36f447718ea441c?s=96&d=mm&r=g","contentUrl":"https:\/\/secure.gravatar.com\/avatar\/65744b15ba6987b50233fe8166ba058522ad7a59feb6a5cfc36f447718ea441c?s=96&d=mm&r=g","caption":"Admin Admin"},"url":"https:\/\/caravel.gr\/fr\/author\/caradmin1\/"}]}},"_links":{"self":[{"href":"https:\/\/caravel.gr\/fr\/wp-json\/wp\/v2\/posts\/3417","targetHints":{"allow":["GET"]}}],"collection":[{"href":"https:\/\/caravel.gr\/fr\/wp-json\/wp\/v2\/posts"}],"about":[{"href":"https:\/\/caravel.gr\/fr\/wp-json\/wp\/v2\/types\/post"}],"author":[{"embeddable":true,"href":"https:\/\/caravel.gr\/fr\/wp-json\/wp\/v2\/users\/4"}],"replies":[{"embeddable":true,"href":"https:\/\/caravel.gr\/fr\/wp-json\/wp\/v2\/comments?post=3417"}],"version-history":[{"count":1,"href":"https:\/\/caravel.gr\/fr\/wp-json\/wp\/v2\/posts\/3417\/revisions"}],"predecessor-version":[{"id":3421,"href":"https:\/\/caravel.gr\/fr\/wp-json\/wp\/v2\/posts\/3417\/revisions\/3421"}],"wp:featuredmedia":[{"embeddable":true,"href":"https:\/\/caravel.gr\/fr\/wp-json\/wp\/v2\/media\/808"}],"wp:attachment":[{"href":"https:\/\/caravel.gr\/fr\/wp-json\/wp\/v2\/media?parent=3417"}],"wp:term":[{"taxonomy":"category","embeddable":true,"href":"https:\/\/caravel.gr\/fr\/wp-json\/wp\/v2\/categories?post=3417"},{"taxonomy":"post_tag","embeddable":true,"href":"https:\/\/caravel.gr\/fr\/wp-json\/wp\/v2\/tags?post=3417"}],"curies":[{"name":"wp","href":"https:\/\/api.w.org\/{rel}","templated":true}]}}