{"id":3332,"date":"2022-02-09T13:06:17","date_gmt":"2022-02-09T11:06:17","guid":{"rendered":"https:\/\/caravel.gr\/matala\/"},"modified":"2022-04-04T12:00:36","modified_gmt":"2022-04-04T09:00:36","slug":"matala","status":"publish","type":"post","link":"https:\/\/caravel.gr\/fr\/matala\/","title":{"rendered":"Matala"},"content":{"rendered":"\n<p>A 66 kilom\u00e8tres au sud d&rsquo;H\u00e9raklion, la plage de Matala, sur la c\u00f4te sud de la Cr\u00e8te, \u00e9tait le site des f\u00eates estivales en l&rsquo;honneur de la d\u00e9esse de la fertilit\u00e9 des Minoens et pourtant l&rsquo;ancien port de Phaistos. Selon la mythologie, lorsque Zeus a enlev\u00e9 l&rsquo;Europe d&rsquo;Asie, il a amen\u00e9 le premier Matala. Bien plus tard, \u00e0 savoir dans les ann\u00e9es 70, la plage aux eaux turquoises de la mer de Libye et aux grottes impressionnantes qui ressemblent \u00e0 des maisons, est devenue un lieu de rassemblement et d&rsquo;\u00e9vasion de la routine quotidienne, des milliers de jeunes enfants de Gr\u00e8ce et de l&rsquo;\u00e9tranger (Flower Children). Aujourd&rsquo;hui, la plage de Matala est l&rsquo;une des plages les plus c\u00e9l\u00e8bres de Gr\u00e8ce.<\/p>\n\n<iframe src=\"https:\/\/www.google.com\/maps\/embed?pb=!1m18!1m12!1m3!1d6536.774142488224!2d24.749667627480274!3d34.99701456032157!2m3!1f0!2f0!3f0!3m2!1i1024!2i768!4f13.1!3m3!1m2!1s0x149b228f46f52d77%3A0x487854d116b4c0d7!2sMatala%20702%2000!5e0!3m2!1sen!2sgr!4v1644411936351!5m2!1sen!2sgr\" width=\"100%\" height=\"650\" style=\"border:0;\" allowfullscreen=\"\" loading=\"lazy\"><\/iframe>\n","protected":false},"excerpt":{"rendered":"<p>A 66 kilom\u00e8tres au sud d&rsquo;H\u00e9raklion, la plage de Matala, sur la c\u00f4te sud de la Cr\u00e8te, \u00e9tait le site des f\u00eates estivales en l&rsquo;honneur de la d\u00e9esse de la fertilit\u00e9 des Minoens et pourtant l&rsquo;ancien port de Phaistos. Selon la mythologie, lorsque Zeus a enlev\u00e9 l&rsquo;Europe d&rsquo;Asie, il a amen\u00e9 le premier Matala. Bien [&hellip;]<\/p>\n","protected":false},"author":4,"featured_media":896,"comment_status":"open","ping_status":"open","sticky":false,"template":"","format":"standard","meta":{"footnotes":""},"categories":[41],"tags":[],"class_list":["post-3332","post","type-post","status-publish","format-standard","has-post-thumbnail","hentry","category-explorez-la-crete"],"yoast_head":"<!-- This site is optimized with the Yoast SEO Premium plugin v22.7 (Yoast SEO v27.4) - https:\/\/yoast.com\/product\/yoast-seo-premium-wordpress\/ -->\n<title>Matala - Rent A Car Crete with Caravel<\/title>\n<meta name=\"robots\" content=\"index, follow, max-snippet:-1, max-image-preview:large, max-video-preview:-1\" \/>\n<link rel=\"canonical\" href=\"https:\/\/caravel.gr\/fr\/matala\/\" \/>\n<meta property=\"og:locale\" content=\"fr_FR\" \/>\n<meta property=\"og:type\" content=\"article\" \/>\n<meta property=\"og:title\" content=\"Matala\" \/>\n<meta property=\"og:description\" content=\"A 66 kilom\u00e8tres au sud d&rsquo;H\u00e9raklion, la plage de Matala, sur la c\u00f4te sud de la Cr\u00e8te, \u00e9tait le site des f\u00eates estivales en l&rsquo;honneur de la d\u00e9esse de la fertilit\u00e9 des Minoens et pourtant l&rsquo;ancien port de Phaistos. Selon la mythologie, lorsque Zeus a enlev\u00e9 l&rsquo;Europe d&rsquo;Asie, il a amen\u00e9 le premier Matala. Bien [&hellip;]\" \/>\n<meta property=\"og:url\" content=\"https:\/\/caravel.gr\/fr\/matala\/\" \/>\n<meta property=\"og:site_name\" content=\"Rent A Car Crete with Caravel\" \/>\n<meta property=\"article:published_time\" content=\"2022-02-09T11:06:17+00:00\" \/>\n<meta property=\"article:modified_time\" content=\"2022-04-04T09:00:36+00:00\" \/>\n<meta property=\"og:image\" content=\"https:\/\/caravel.gr\/wp-content\/uploads\/2022\/02\/matala.jpg\" \/>\n\t<meta property=\"og:image:width\" content=\"1920\" \/>\n\t<meta property=\"og:image:height\" content=\"1050\" \/>\n\t<meta property=\"og:image:type\" content=\"image\/jpeg\" \/>\n<meta name=\"author\" content=\"Admin Admin\" \/>\n<meta name=\"twitter:card\" content=\"summary_large_image\" \/>\n<meta name=\"twitter:label1\" content=\"\u00c9crit par\" \/>\n\t<meta name=\"twitter:data1\" content=\"Admin Admin\" \/>\n\t<meta name=\"twitter:label2\" content=\"Dur\u00e9e de lecture estim\u00e9e\" \/>\n\t<meta name=\"twitter:data2\" content=\"1 minute\" \/>\n<script type=\"application\/ld+json\" class=\"yoast-schema-graph\">{\"@context\":\"https:\\\/\\\/schema.org\",\"@graph\":[{\"@type\":\"Article\",\"@id\":\"https:\\\/\\\/caravel.gr\\\/fr\\\/matala\\\/#article\",\"isPartOf\":{\"@id\":\"https:\\\/\\\/caravel.gr\\\/fr\\\/matala\\\/\"},\"author\":{\"name\":\"Admin Admin\",\"@id\":\"https:\\\/\\\/caravel.gr\\\/#\\\/schema\\\/person\\\/c6c35c5a1636a5da2e2c4a527f5dbb49\"},\"headline\":\"Matala\",\"datePublished\":\"2022-02-09T11:06:17+00:00\",\"dateModified\":\"2022-04-04T09:00:36+00:00\",\"mainEntityOfPage\":{\"@id\":\"https:\\\/\\\/caravel.gr\\\/fr\\\/matala\\\/\"},\"wordCount\":137,\"commentCount\":0,\"publisher\":{\"@id\":\"https:\\\/\\\/caravel.gr\\\/#organization\"},\"image\":{\"@id\":\"https:\\\/\\\/caravel.gr\\\/fr\\\/matala\\\/#primaryimage\"},\"thumbnailUrl\":\"https:\\\/\\\/caravel.gr\\\/wp-content\\\/uploads\\\/2022\\\/02\\\/matala.jpg\",\"articleSection\":[\"Explorez la Cr\u00e8te\"],\"inLanguage\":\"fr-FR\"},{\"@type\":\"WebPage\",\"@id\":\"https:\\\/\\\/caravel.gr\\\/fr\\\/matala\\\/\",\"url\":\"https:\\\/\\\/caravel.gr\\\/fr\\\/matala\\\/\",\"name\":\"Matala - Rent A Car Crete with Caravel\",\"isPartOf\":{\"@id\":\"https:\\\/\\\/caravel.gr\\\/#website\"},\"primaryImageOfPage\":{\"@id\":\"https:\\\/\\\/caravel.gr\\\/fr\\\/matala\\\/#primaryimage\"},\"image\":{\"@id\":\"https:\\\/\\\/caravel.gr\\\/fr\\\/matala\\\/#primaryimage\"},\"thumbnailUrl\":\"https:\\\/\\\/caravel.gr\\\/wp-content\\\/uploads\\\/2022\\\/02\\\/matala.jpg\",\"datePublished\":\"2022-02-09T11:06:17+00:00\",\"dateModified\":\"2022-04-04T09:00:36+00:00\",\"breadcrumb\":{\"@id\":\"https:\\\/\\\/caravel.gr\\\/fr\\\/matala\\\/#breadcrumb\"},\"inLanguage\":\"fr-FR\",\"potentialAction\":[{\"@type\":\"ReadAction\",\"target\":[\"https:\\\/\\\/caravel.gr\\\/fr\\\/matala\\\/\"]}]},{\"@type\":\"ImageObject\",\"inLanguage\":\"fr-FR\",\"@id\":\"https:\\\/\\\/caravel.gr\\\/fr\\\/matala\\\/#primaryimage\",\"url\":\"https:\\\/\\\/caravel.gr\\\/wp-content\\\/uploads\\\/2022\\\/02\\\/matala.jpg\",\"contentUrl\":\"https:\\\/\\\/caravel.gr\\\/wp-content\\\/uploads\\\/2022\\\/02\\\/matala.jpg\",\"width\":1920,\"height\":1050,\"caption\":\"Rent a car Matala with Caravel Car hire Crete\"},{\"@type\":\"BreadcrumbList\",\"@id\":\"https:\\\/\\\/caravel.gr\\\/fr\\\/matala\\\/#breadcrumb\",\"itemListElement\":[{\"@type\":\"ListItem\",\"position\":1,\"name\":\"Home\",\"item\":\"https:\\\/\\\/caravel.gr\\\/\"},{\"@type\":\"ListItem\",\"position\":2,\"name\":\"Matala\"}]},{\"@type\":\"WebSite\",\"@id\":\"https:\\\/\\\/caravel.gr\\\/#website\",\"url\":\"https:\\\/\\\/caravel.gr\\\/\",\"name\":\"Rent A Car Crete with Caravel\",\"description\":\"Car Hire in Crete\",\"publisher\":{\"@id\":\"https:\\\/\\\/caravel.gr\\\/#organization\"},\"potentialAction\":[{\"@type\":\"SearchAction\",\"target\":{\"@type\":\"EntryPoint\",\"urlTemplate\":\"https:\\\/\\\/caravel.gr\\\/?s={search_term_string}\"},\"query-input\":{\"@type\":\"PropertyValueSpecification\",\"valueRequired\":true,\"valueName\":\"search_term_string\"}}],\"inLanguage\":\"fr-FR\"},{\"@type\":\"Organization\",\"@id\":\"https:\\\/\\\/caravel.gr\\\/#organization\",\"name\":\"Rent A Car Crete with Caravel\",\"url\":\"https:\\\/\\\/caravel.gr\\\/\",\"logo\":{\"@type\":\"ImageObject\",\"inLanguage\":\"fr-FR\",\"@id\":\"https:\\\/\\\/caravel.gr\\\/#\\\/schema\\\/logo\\\/image\\\/\",\"url\":\"https:\\\/\\\/caravel.gr\\\/wp-content\\\/uploads\\\/2022\\\/01\\\/caravel-logo_0_0.jpg\",\"contentUrl\":\"https:\\\/\\\/caravel.gr\\\/wp-content\\\/uploads\\\/2022\\\/01\\\/caravel-logo_0_0.jpg\",\"width\":210,\"height\":80,\"caption\":\"Rent A Car Crete with Caravel\"},\"image\":{\"@id\":\"https:\\\/\\\/caravel.gr\\\/#\\\/schema\\\/logo\\\/image\\\/\"}},{\"@type\":\"Person\",\"@id\":\"https:\\\/\\\/caravel.gr\\\/#\\\/schema\\\/person\\\/c6c35c5a1636a5da2e2c4a527f5dbb49\",\"name\":\"Admin Admin\",\"image\":{\"@type\":\"ImageObject\",\"inLanguage\":\"fr-FR\",\"@id\":\"https:\\\/\\\/secure.gravatar.com\\\/avatar\\\/65744b15ba6987b50233fe8166ba058522ad7a59feb6a5cfc36f447718ea441c?s=96&d=mm&r=g\",\"url\":\"https:\\\/\\\/secure.gravatar.com\\\/avatar\\\/65744b15ba6987b50233fe8166ba058522ad7a59feb6a5cfc36f447718ea441c?s=96&d=mm&r=g\",\"contentUrl\":\"https:\\\/\\\/secure.gravatar.com\\\/avatar\\\/65744b15ba6987b50233fe8166ba058522ad7a59feb6a5cfc36f447718ea441c?s=96&d=mm&r=g\",\"caption\":\"Admin Admin\"},\"url\":\"https:\\\/\\\/caravel.gr\\\/fr\\\/author\\\/caradmin1\\\/\"}]}<\/script>\n<!-- \/ Yoast SEO Premium plugin. -->","yoast_head_json":{"title":"Matala - Rent A Car Crete with Caravel","robots":{"index":"index","follow":"follow","max-snippet":"max-snippet:-1","max-image-preview":"max-image-preview:large","max-video-preview":"max-video-preview:-1"},"canonical":"https:\/\/caravel.gr\/fr\/matala\/","og_locale":"fr_FR","og_type":"article","og_title":"Matala","og_description":"A 66 kilom\u00e8tres au sud d&rsquo;H\u00e9raklion, la plage de Matala, sur la c\u00f4te sud de la Cr\u00e8te, \u00e9tait le site des f\u00eates estivales en l&rsquo;honneur de la d\u00e9esse de la fertilit\u00e9 des Minoens et pourtant l&rsquo;ancien port de Phaistos. Selon la mythologie, lorsque Zeus a enlev\u00e9 l&rsquo;Europe d&rsquo;Asie, il a amen\u00e9 le premier Matala. Bien [&hellip;]","og_url":"https:\/\/caravel.gr\/fr\/matala\/","og_site_name":"Rent A Car Crete with Caravel","article_published_time":"2022-02-09T11:06:17+00:00","article_modified_time":"2022-04-04T09:00:36+00:00","og_image":[{"width":1920,"height":1050,"url":"https:\/\/caravel.gr\/wp-content\/uploads\/2022\/02\/matala.jpg","type":"image\/jpeg"}],"author":"Admin Admin","twitter_card":"summary_large_image","twitter_misc":{"\u00c9crit par":"Admin Admin","Dur\u00e9e de lecture estim\u00e9e":"1 minute"},"schema":{"@context":"https:\/\/schema.org","@graph":[{"@type":"Article","@id":"https:\/\/caravel.gr\/fr\/matala\/#article","isPartOf":{"@id":"https:\/\/caravel.gr\/fr\/matala\/"},"author":{"name":"Admin Admin","@id":"https:\/\/caravel.gr\/#\/schema\/person\/c6c35c5a1636a5da2e2c4a527f5dbb49"},"headline":"Matala","datePublished":"2022-02-09T11:06:17+00:00","dateModified":"2022-04-04T09:00:36+00:00","mainEntityOfPage":{"@id":"https:\/\/caravel.gr\/fr\/matala\/"},"wordCount":137,"commentCount":0,"publisher":{"@id":"https:\/\/caravel.gr\/#organization"},"image":{"@id":"https:\/\/caravel.gr\/fr\/matala\/#primaryimage"},"thumbnailUrl":"https:\/\/caravel.gr\/wp-content\/uploads\/2022\/02\/matala.jpg","articleSection":["Explorez la Cr\u00e8te"],"inLanguage":"fr-FR"},{"@type":"WebPage","@id":"https:\/\/caravel.gr\/fr\/matala\/","url":"https:\/\/caravel.gr\/fr\/matala\/","name":"Matala - Rent A Car Crete with Caravel","isPartOf":{"@id":"https:\/\/caravel.gr\/#website"},"primaryImageOfPage":{"@id":"https:\/\/caravel.gr\/fr\/matala\/#primaryimage"},"image":{"@id":"https:\/\/caravel.gr\/fr\/matala\/#primaryimage"},"thumbnailUrl":"https:\/\/caravel.gr\/wp-content\/uploads\/2022\/02\/matala.jpg","datePublished":"2022-02-09T11:06:17+00:00","dateModified":"2022-04-04T09:00:36+00:00","breadcrumb":{"@id":"https:\/\/caravel.gr\/fr\/matala\/#breadcrumb"},"inLanguage":"fr-FR","potentialAction":[{"@type":"ReadAction","target":["https:\/\/caravel.gr\/fr\/matala\/"]}]},{"@type":"ImageObject","inLanguage":"fr-FR","@id":"https:\/\/caravel.gr\/fr\/matala\/#primaryimage","url":"https:\/\/caravel.gr\/wp-content\/uploads\/2022\/02\/matala.jpg","contentUrl":"https:\/\/caravel.gr\/wp-content\/uploads\/2022\/02\/matala.jpg","width":1920,"height":1050,"caption":"Rent a car Matala with Caravel Car hire Crete"},{"@type":"BreadcrumbList","@id":"https:\/\/caravel.gr\/fr\/matala\/#breadcrumb","itemListElement":[{"@type":"ListItem","position":1,"name":"Home","item":"https:\/\/caravel.gr\/"},{"@type":"ListItem","position":2,"name":"Matala"}]},{"@type":"WebSite","@id":"https:\/\/caravel.gr\/#website","url":"https:\/\/caravel.gr\/","name":"Rent A Car Crete with Caravel","description":"Car Hire in Crete","publisher":{"@id":"https:\/\/caravel.gr\/#organization"},"potentialAction":[{"@type":"SearchAction","target":{"@type":"EntryPoint","urlTemplate":"https:\/\/caravel.gr\/?s={search_term_string}"},"query-input":{"@type":"PropertyValueSpecification","valueRequired":true,"valueName":"search_term_string"}}],"inLanguage":"fr-FR"},{"@type":"Organization","@id":"https:\/\/caravel.gr\/#organization","name":"Rent A Car Crete with Caravel","url":"https:\/\/caravel.gr\/","logo":{"@type":"ImageObject","inLanguage":"fr-FR","@id":"https:\/\/caravel.gr\/#\/schema\/logo\/image\/","url":"https:\/\/caravel.gr\/wp-content\/uploads\/2022\/01\/caravel-logo_0_0.jpg","contentUrl":"https:\/\/caravel.gr\/wp-content\/uploads\/2022\/01\/caravel-logo_0_0.jpg","width":210,"height":80,"caption":"Rent A Car Crete with Caravel"},"image":{"@id":"https:\/\/caravel.gr\/#\/schema\/logo\/image\/"}},{"@type":"Person","@id":"https:\/\/caravel.gr\/#\/schema\/person\/c6c35c5a1636a5da2e2c4a527f5dbb49","name":"Admin Admin","image":{"@type":"ImageObject","inLanguage":"fr-FR","@id":"https:\/\/secure.gravatar.com\/avatar\/65744b15ba6987b50233fe8166ba058522ad7a59feb6a5cfc36f447718ea441c?s=96&d=mm&r=g","url":"https:\/\/secure.gravatar.com\/avatar\/65744b15ba6987b50233fe8166ba058522ad7a59feb6a5cfc36f447718ea441c?s=96&d=mm&r=g","contentUrl":"https:\/\/secure.gravatar.com\/avatar\/65744b15ba6987b50233fe8166ba058522ad7a59feb6a5cfc36f447718ea441c?s=96&d=mm&r=g","caption":"Admin Admin"},"url":"https:\/\/caravel.gr\/fr\/author\/caradmin1\/"}]}},"_links":{"self":[{"href":"https:\/\/caravel.gr\/fr\/wp-json\/wp\/v2\/posts\/3332","targetHints":{"allow":["GET"]}}],"collection":[{"href":"https:\/\/caravel.gr\/fr\/wp-json\/wp\/v2\/posts"}],"about":[{"href":"https:\/\/caravel.gr\/fr\/wp-json\/wp\/v2\/types\/post"}],"author":[{"embeddable":true,"href":"https:\/\/caravel.gr\/fr\/wp-json\/wp\/v2\/users\/4"}],"replies":[{"embeddable":true,"href":"https:\/\/caravel.gr\/fr\/wp-json\/wp\/v2\/comments?post=3332"}],"version-history":[{"count":1,"href":"https:\/\/caravel.gr\/fr\/wp-json\/wp\/v2\/posts\/3332\/revisions"}],"predecessor-version":[{"id":3337,"href":"https:\/\/caravel.gr\/fr\/wp-json\/wp\/v2\/posts\/3332\/revisions\/3337"}],"wp:featuredmedia":[{"embeddable":true,"href":"https:\/\/caravel.gr\/fr\/wp-json\/wp\/v2\/media\/896"}],"wp:attachment":[{"href":"https:\/\/caravel.gr\/fr\/wp-json\/wp\/v2\/media?parent=3332"}],"wp:term":[{"taxonomy":"category","embeddable":true,"href":"https:\/\/caravel.gr\/fr\/wp-json\/wp\/v2\/categories?post=3332"},{"taxonomy":"post_tag","embeddable":true,"href":"https:\/\/caravel.gr\/fr\/wp-json\/wp\/v2\/tags?post=3332"}],"curies":[{"name":"wp","href":"https:\/\/api.w.org\/{rel}","templated":true}]}}