{"id":3329,"date":"2021-02-09T12:59:39","date_gmt":"2021-02-09T10:59:39","guid":{"rendered":"https:\/\/caravel.gr\/plage-de-vai\/"},"modified":"2022-04-04T12:00:36","modified_gmt":"2022-04-04T09:00:36","slug":"plage-de-vai","status":"publish","type":"post","link":"https:\/\/caravel.gr\/fr\/plage-de-vai\/","title":{"rendered":"Plage de Va\u00ef"},"content":{"rendered":"\n<p><strong>Vai<\/strong> , ou plus pr\u00e9cis\u00e9ment la for\u00eat de palmiers de Vai, est l&rsquo;un des sites les plus populaires de Cr\u00e8te et l&rsquo;un des endroits les plus beaux et les plus sp\u00e9ciaux de toute la M\u00e9diterran\u00e9e. Vai attire des milliers de visiteurs chaque ann\u00e9e. Ils viennent non seulement pour sa magnifique palmeraie, mais aussi pour la grande plage de sable qui s&rsquo;\u00e9tend \u00e0 ses pieds. Dans les ann\u00e9es 1980, Vai a \u00e9t\u00e9 d\u00e9cr\u00e9t\u00e9e zone prot\u00e9g\u00e9e et nettoy\u00e9e. Aujourd&rsquo;hui, elle est consid\u00e9r\u00e9e comme l&rsquo;une des plus belles parties de Cr\u00e8te et la plage a re\u00e7u le drapeau bleu de l&rsquo;Union europ\u00e9enne.<\/p>\n\n<iframe src=\"https:\/\/www.google.com\/maps\/embed?pb=!1m18!1m12!1m3!1d13032.294561749703!2d26.25617624022103!3d35.25442370706447!2m3!1f0!2f0!3f0!3m2!1i1024!2i768!4f13.1!3m3!1m2!1s0x1490e66f71d012b1%3A0xfa8fee74909ca3c5!2sVai%20Beach!5e0!3m2!1sen!2sgr!4v1644411455672!5m2!1sen!2sgr\" width=\"100%\" height=\"650\" style=\"border:0;\" allowfullscreen=\"\" loading=\"lazy\"><\/iframe>\n\n<figure class=\"wp-block-image size-large\"><img fetchpriority=\"high\" decoding=\"async\" width=\"1024\" height=\"768\" src=\"https:\/\/caravel.gr\/wp-content\/uploads\/2022\/02\/vai-beach-2-1024x768.jpg\" alt=\"\" class=\"wp-image-867\" srcset=\"https:\/\/caravel.gr\/wp-content\/uploads\/2022\/02\/vai-beach-2-1024x768.jpg 1024w, https:\/\/caravel.gr\/wp-content\/uploads\/2022\/02\/vai-beach-2-300x225.jpg 300w, https:\/\/caravel.gr\/wp-content\/uploads\/2022\/02\/vai-beach-2-768x576.jpg 768w, https:\/\/caravel.gr\/wp-content\/uploads\/2022\/02\/vai-beach-2-1536x1152.jpg 1536w, https:\/\/caravel.gr\/wp-content\/uploads\/2022\/02\/vai-beach-2.jpg 1920w\" sizes=\"(max-width: 1024px) 100vw, 1024px\" \/><figcaption>Plage de Va\u00ef<\/figcaption><\/figure>","protected":false},"excerpt":{"rendered":"<p>Vai , ou plus pr\u00e9cis\u00e9ment la for\u00eat de palmiers de Vai, est l&rsquo;un des sites les plus populaires de Cr\u00e8te et l&rsquo;un des endroits les plus beaux et les plus sp\u00e9ciaux de toute la M\u00e9diterran\u00e9e. Vai attire des milliers de visiteurs chaque ann\u00e9e. Ils viennent non seulement pour sa magnifique palmeraie, mais aussi pour la [&hellip;]<\/p>\n","protected":false},"author":4,"featured_media":862,"comment_status":"open","ping_status":"open","sticky":false,"template":"","format":"standard","meta":{"footnotes":""},"categories":[41],"tags":[],"class_list":["post-3329","post","type-post","status-publish","format-standard","has-post-thumbnail","hentry","category-explorez-la-crete"],"yoast_head":"<!-- This site is optimized with the Yoast SEO Premium plugin v22.7 (Yoast SEO v27.4) - https:\/\/yoast.com\/product\/yoast-seo-premium-wordpress\/ -->\n<title>Plage de Va\u00ef - Rent A Car Crete with Caravel<\/title>\n<meta name=\"robots\" content=\"index, follow, max-snippet:-1, max-image-preview:large, max-video-preview:-1\" \/>\n<link rel=\"canonical\" href=\"https:\/\/caravel.gr\/fr\/plage-de-vai\/\" \/>\n<meta property=\"og:locale\" content=\"fr_FR\" \/>\n<meta property=\"og:type\" content=\"article\" \/>\n<meta property=\"og:title\" content=\"Plage de Va\u00ef\" \/>\n<meta property=\"og:description\" content=\"Vai , ou plus pr\u00e9cis\u00e9ment la for\u00eat de palmiers de Vai, est l&rsquo;un des sites les plus populaires de Cr\u00e8te et l&rsquo;un des endroits les plus beaux et les plus sp\u00e9ciaux de toute la M\u00e9diterran\u00e9e. Vai attire des milliers de visiteurs chaque ann\u00e9e. Ils viennent non seulement pour sa magnifique palmeraie, mais aussi pour la [&hellip;]\" \/>\n<meta property=\"og:url\" content=\"https:\/\/caravel.gr\/fr\/plage-de-vai\/\" \/>\n<meta property=\"og:site_name\" content=\"Rent A Car Crete with Caravel\" \/>\n<meta property=\"article:published_time\" content=\"2021-02-09T10:59:39+00:00\" \/>\n<meta property=\"article:modified_time\" content=\"2022-04-04T09:00:36+00:00\" \/>\n<meta property=\"og:image\" content=\"https:\/\/caravel.gr\/wp-content\/uploads\/2022\/02\/VAI-Beach.jpg\" \/>\n\t<meta property=\"og:image:width\" content=\"1700\" \/>\n\t<meta property=\"og:image:height\" content=\"1135\" \/>\n\t<meta property=\"og:image:type\" content=\"image\/jpeg\" \/>\n<meta name=\"author\" content=\"Admin Admin\" \/>\n<meta name=\"twitter:card\" content=\"summary_large_image\" \/>\n<meta name=\"twitter:label1\" content=\"\u00c9crit par\" \/>\n\t<meta name=\"twitter:data1\" content=\"Admin Admin\" \/>\n\t<meta name=\"twitter:label2\" content=\"Dur\u00e9e de lecture estim\u00e9e\" \/>\n\t<meta name=\"twitter:data2\" content=\"1 minute\" \/>\n<script type=\"application\/ld+json\" class=\"yoast-schema-graph\">{\"@context\":\"https:\\\/\\\/schema.org\",\"@graph\":[{\"@type\":\"Article\",\"@id\":\"https:\\\/\\\/caravel.gr\\\/fr\\\/plage-de-vai\\\/#article\",\"isPartOf\":{\"@id\":\"https:\\\/\\\/caravel.gr\\\/fr\\\/plage-de-vai\\\/\"},\"author\":{\"name\":\"Admin Admin\",\"@id\":\"https:\\\/\\\/caravel.gr\\\/#\\\/schema\\\/person\\\/c6c35c5a1636a5da2e2c4a527f5dbb49\"},\"headline\":\"Plage de Va\u00ef\",\"datePublished\":\"2021-02-09T10:59:39+00:00\",\"dateModified\":\"2022-04-04T09:00:36+00:00\",\"mainEntityOfPage\":{\"@id\":\"https:\\\/\\\/caravel.gr\\\/fr\\\/plage-de-vai\\\/\"},\"wordCount\":128,\"commentCount\":0,\"publisher\":{\"@id\":\"https:\\\/\\\/caravel.gr\\\/#organization\"},\"image\":{\"@id\":\"https:\\\/\\\/caravel.gr\\\/fr\\\/plage-de-vai\\\/#primaryimage\"},\"thumbnailUrl\":\"https:\\\/\\\/caravel.gr\\\/wp-content\\\/uploads\\\/2022\\\/02\\\/VAI-Beach.jpg\",\"articleSection\":[\"Explorez la Cr\u00e8te\"],\"inLanguage\":\"fr-FR\"},{\"@type\":\"WebPage\",\"@id\":\"https:\\\/\\\/caravel.gr\\\/fr\\\/plage-de-vai\\\/\",\"url\":\"https:\\\/\\\/caravel.gr\\\/fr\\\/plage-de-vai\\\/\",\"name\":\"Plage de Va\u00ef - Rent A Car Crete with Caravel\",\"isPartOf\":{\"@id\":\"https:\\\/\\\/caravel.gr\\\/#website\"},\"primaryImageOfPage\":{\"@id\":\"https:\\\/\\\/caravel.gr\\\/fr\\\/plage-de-vai\\\/#primaryimage\"},\"image\":{\"@id\":\"https:\\\/\\\/caravel.gr\\\/fr\\\/plage-de-vai\\\/#primaryimage\"},\"thumbnailUrl\":\"https:\\\/\\\/caravel.gr\\\/wp-content\\\/uploads\\\/2022\\\/02\\\/VAI-Beach.jpg\",\"datePublished\":\"2021-02-09T10:59:39+00:00\",\"dateModified\":\"2022-04-04T09:00:36+00:00\",\"breadcrumb\":{\"@id\":\"https:\\\/\\\/caravel.gr\\\/fr\\\/plage-de-vai\\\/#breadcrumb\"},\"inLanguage\":\"fr-FR\",\"potentialAction\":[{\"@type\":\"ReadAction\",\"target\":[\"https:\\\/\\\/caravel.gr\\\/fr\\\/plage-de-vai\\\/\"]}]},{\"@type\":\"ImageObject\",\"inLanguage\":\"fr-FR\",\"@id\":\"https:\\\/\\\/caravel.gr\\\/fr\\\/plage-de-vai\\\/#primaryimage\",\"url\":\"https:\\\/\\\/caravel.gr\\\/wp-content\\\/uploads\\\/2022\\\/02\\\/VAI-Beach.jpg\",\"contentUrl\":\"https:\\\/\\\/caravel.gr\\\/wp-content\\\/uploads\\\/2022\\\/02\\\/VAI-Beach.jpg\",\"width\":1700,\"height\":1135},{\"@type\":\"BreadcrumbList\",\"@id\":\"https:\\\/\\\/caravel.gr\\\/fr\\\/plage-de-vai\\\/#breadcrumb\",\"itemListElement\":[{\"@type\":\"ListItem\",\"position\":1,\"name\":\"Home\",\"item\":\"https:\\\/\\\/caravel.gr\\\/\"},{\"@type\":\"ListItem\",\"position\":2,\"name\":\"Plage de Va\u00ef\"}]},{\"@type\":\"WebSite\",\"@id\":\"https:\\\/\\\/caravel.gr\\\/#website\",\"url\":\"https:\\\/\\\/caravel.gr\\\/\",\"name\":\"Rent A Car Crete with Caravel\",\"description\":\"Car Hire in Crete\",\"publisher\":{\"@id\":\"https:\\\/\\\/caravel.gr\\\/#organization\"},\"potentialAction\":[{\"@type\":\"SearchAction\",\"target\":{\"@type\":\"EntryPoint\",\"urlTemplate\":\"https:\\\/\\\/caravel.gr\\\/?s={search_term_string}\"},\"query-input\":{\"@type\":\"PropertyValueSpecification\",\"valueRequired\":true,\"valueName\":\"search_term_string\"}}],\"inLanguage\":\"fr-FR\"},{\"@type\":\"Organization\",\"@id\":\"https:\\\/\\\/caravel.gr\\\/#organization\",\"name\":\"Rent A Car Crete with Caravel\",\"url\":\"https:\\\/\\\/caravel.gr\\\/\",\"logo\":{\"@type\":\"ImageObject\",\"inLanguage\":\"fr-FR\",\"@id\":\"https:\\\/\\\/caravel.gr\\\/#\\\/schema\\\/logo\\\/image\\\/\",\"url\":\"https:\\\/\\\/caravel.gr\\\/wp-content\\\/uploads\\\/2022\\\/01\\\/caravel-logo_0_0.jpg\",\"contentUrl\":\"https:\\\/\\\/caravel.gr\\\/wp-content\\\/uploads\\\/2022\\\/01\\\/caravel-logo_0_0.jpg\",\"width\":210,\"height\":80,\"caption\":\"Rent A Car Crete with Caravel\"},\"image\":{\"@id\":\"https:\\\/\\\/caravel.gr\\\/#\\\/schema\\\/logo\\\/image\\\/\"}},{\"@type\":\"Person\",\"@id\":\"https:\\\/\\\/caravel.gr\\\/#\\\/schema\\\/person\\\/c6c35c5a1636a5da2e2c4a527f5dbb49\",\"name\":\"Admin Admin\",\"image\":{\"@type\":\"ImageObject\",\"inLanguage\":\"fr-FR\",\"@id\":\"https:\\\/\\\/secure.gravatar.com\\\/avatar\\\/65744b15ba6987b50233fe8166ba058522ad7a59feb6a5cfc36f447718ea441c?s=96&d=mm&r=g\",\"url\":\"https:\\\/\\\/secure.gravatar.com\\\/avatar\\\/65744b15ba6987b50233fe8166ba058522ad7a59feb6a5cfc36f447718ea441c?s=96&d=mm&r=g\",\"contentUrl\":\"https:\\\/\\\/secure.gravatar.com\\\/avatar\\\/65744b15ba6987b50233fe8166ba058522ad7a59feb6a5cfc36f447718ea441c?s=96&d=mm&r=g\",\"caption\":\"Admin Admin\"},\"url\":\"https:\\\/\\\/caravel.gr\\\/fr\\\/author\\\/caradmin1\\\/\"}]}<\/script>\n<!-- \/ Yoast SEO Premium plugin. -->","yoast_head_json":{"title":"Plage de Va\u00ef - Rent A Car Crete with Caravel","robots":{"index":"index","follow":"follow","max-snippet":"max-snippet:-1","max-image-preview":"max-image-preview:large","max-video-preview":"max-video-preview:-1"},"canonical":"https:\/\/caravel.gr\/fr\/plage-de-vai\/","og_locale":"fr_FR","og_type":"article","og_title":"Plage de Va\u00ef","og_description":"Vai , ou plus pr\u00e9cis\u00e9ment la for\u00eat de palmiers de Vai, est l&rsquo;un des sites les plus populaires de Cr\u00e8te et l&rsquo;un des endroits les plus beaux et les plus sp\u00e9ciaux de toute la M\u00e9diterran\u00e9e. Vai attire des milliers de visiteurs chaque ann\u00e9e. Ils viennent non seulement pour sa magnifique palmeraie, mais aussi pour la [&hellip;]","og_url":"https:\/\/caravel.gr\/fr\/plage-de-vai\/","og_site_name":"Rent A Car Crete with Caravel","article_published_time":"2021-02-09T10:59:39+00:00","article_modified_time":"2022-04-04T09:00:36+00:00","og_image":[{"width":1700,"height":1135,"url":"https:\/\/caravel.gr\/wp-content\/uploads\/2022\/02\/VAI-Beach.jpg","type":"image\/jpeg"}],"author":"Admin Admin","twitter_card":"summary_large_image","twitter_misc":{"\u00c9crit par":"Admin Admin","Dur\u00e9e de lecture estim\u00e9e":"1 minute"},"schema":{"@context":"https:\/\/schema.org","@graph":[{"@type":"Article","@id":"https:\/\/caravel.gr\/fr\/plage-de-vai\/#article","isPartOf":{"@id":"https:\/\/caravel.gr\/fr\/plage-de-vai\/"},"author":{"name":"Admin Admin","@id":"https:\/\/caravel.gr\/#\/schema\/person\/c6c35c5a1636a5da2e2c4a527f5dbb49"},"headline":"Plage de Va\u00ef","datePublished":"2021-02-09T10:59:39+00:00","dateModified":"2022-04-04T09:00:36+00:00","mainEntityOfPage":{"@id":"https:\/\/caravel.gr\/fr\/plage-de-vai\/"},"wordCount":128,"commentCount":0,"publisher":{"@id":"https:\/\/caravel.gr\/#organization"},"image":{"@id":"https:\/\/caravel.gr\/fr\/plage-de-vai\/#primaryimage"},"thumbnailUrl":"https:\/\/caravel.gr\/wp-content\/uploads\/2022\/02\/VAI-Beach.jpg","articleSection":["Explorez la Cr\u00e8te"],"inLanguage":"fr-FR"},{"@type":"WebPage","@id":"https:\/\/caravel.gr\/fr\/plage-de-vai\/","url":"https:\/\/caravel.gr\/fr\/plage-de-vai\/","name":"Plage de Va\u00ef - Rent A Car Crete with Caravel","isPartOf":{"@id":"https:\/\/caravel.gr\/#website"},"primaryImageOfPage":{"@id":"https:\/\/caravel.gr\/fr\/plage-de-vai\/#primaryimage"},"image":{"@id":"https:\/\/caravel.gr\/fr\/plage-de-vai\/#primaryimage"},"thumbnailUrl":"https:\/\/caravel.gr\/wp-content\/uploads\/2022\/02\/VAI-Beach.jpg","datePublished":"2021-02-09T10:59:39+00:00","dateModified":"2022-04-04T09:00:36+00:00","breadcrumb":{"@id":"https:\/\/caravel.gr\/fr\/plage-de-vai\/#breadcrumb"},"inLanguage":"fr-FR","potentialAction":[{"@type":"ReadAction","target":["https:\/\/caravel.gr\/fr\/plage-de-vai\/"]}]},{"@type":"ImageObject","inLanguage":"fr-FR","@id":"https:\/\/caravel.gr\/fr\/plage-de-vai\/#primaryimage","url":"https:\/\/caravel.gr\/wp-content\/uploads\/2022\/02\/VAI-Beach.jpg","contentUrl":"https:\/\/caravel.gr\/wp-content\/uploads\/2022\/02\/VAI-Beach.jpg","width":1700,"height":1135},{"@type":"BreadcrumbList","@id":"https:\/\/caravel.gr\/fr\/plage-de-vai\/#breadcrumb","itemListElement":[{"@type":"ListItem","position":1,"name":"Home","item":"https:\/\/caravel.gr\/"},{"@type":"ListItem","position":2,"name":"Plage de Va\u00ef"}]},{"@type":"WebSite","@id":"https:\/\/caravel.gr\/#website","url":"https:\/\/caravel.gr\/","name":"Rent A Car Crete with Caravel","description":"Car Hire in Crete","publisher":{"@id":"https:\/\/caravel.gr\/#organization"},"potentialAction":[{"@type":"SearchAction","target":{"@type":"EntryPoint","urlTemplate":"https:\/\/caravel.gr\/?s={search_term_string}"},"query-input":{"@type":"PropertyValueSpecification","valueRequired":true,"valueName":"search_term_string"}}],"inLanguage":"fr-FR"},{"@type":"Organization","@id":"https:\/\/caravel.gr\/#organization","name":"Rent A Car Crete with Caravel","url":"https:\/\/caravel.gr\/","logo":{"@type":"ImageObject","inLanguage":"fr-FR","@id":"https:\/\/caravel.gr\/#\/schema\/logo\/image\/","url":"https:\/\/caravel.gr\/wp-content\/uploads\/2022\/01\/caravel-logo_0_0.jpg","contentUrl":"https:\/\/caravel.gr\/wp-content\/uploads\/2022\/01\/caravel-logo_0_0.jpg","width":210,"height":80,"caption":"Rent A Car Crete with Caravel"},"image":{"@id":"https:\/\/caravel.gr\/#\/schema\/logo\/image\/"}},{"@type":"Person","@id":"https:\/\/caravel.gr\/#\/schema\/person\/c6c35c5a1636a5da2e2c4a527f5dbb49","name":"Admin Admin","image":{"@type":"ImageObject","inLanguage":"fr-FR","@id":"https:\/\/secure.gravatar.com\/avatar\/65744b15ba6987b50233fe8166ba058522ad7a59feb6a5cfc36f447718ea441c?s=96&d=mm&r=g","url":"https:\/\/secure.gravatar.com\/avatar\/65744b15ba6987b50233fe8166ba058522ad7a59feb6a5cfc36f447718ea441c?s=96&d=mm&r=g","contentUrl":"https:\/\/secure.gravatar.com\/avatar\/65744b15ba6987b50233fe8166ba058522ad7a59feb6a5cfc36f447718ea441c?s=96&d=mm&r=g","caption":"Admin Admin"},"url":"https:\/\/caravel.gr\/fr\/author\/caradmin1\/"}]}},"_links":{"self":[{"href":"https:\/\/caravel.gr\/fr\/wp-json\/wp\/v2\/posts\/3329","targetHints":{"allow":["GET"]}}],"collection":[{"href":"https:\/\/caravel.gr\/fr\/wp-json\/wp\/v2\/posts"}],"about":[{"href":"https:\/\/caravel.gr\/fr\/wp-json\/wp\/v2\/types\/post"}],"author":[{"embeddable":true,"href":"https:\/\/caravel.gr\/fr\/wp-json\/wp\/v2\/users\/4"}],"replies":[{"embeddable":true,"href":"https:\/\/caravel.gr\/fr\/wp-json\/wp\/v2\/comments?post=3329"}],"version-history":[{"count":1,"href":"https:\/\/caravel.gr\/fr\/wp-json\/wp\/v2\/posts\/3329\/revisions"}],"predecessor-version":[{"id":3335,"href":"https:\/\/caravel.gr\/fr\/wp-json\/wp\/v2\/posts\/3329\/revisions\/3335"}],"wp:featuredmedia":[{"embeddable":true,"href":"https:\/\/caravel.gr\/fr\/wp-json\/wp\/v2\/media\/862"}],"wp:attachment":[{"href":"https:\/\/caravel.gr\/fr\/wp-json\/wp\/v2\/media?parent=3329"}],"wp:term":[{"taxonomy":"category","embeddable":true,"href":"https:\/\/caravel.gr\/fr\/wp-json\/wp\/v2\/categories?post=3329"},{"taxonomy":"post_tag","embeddable":true,"href":"https:\/\/caravel.gr\/fr\/wp-json\/wp\/v2\/tags?post=3329"}],"curies":[{"name":"wp","href":"https:\/\/api.w.org\/{rel}","templated":true}]}}