{"id":4377,"date":"2023-04-14T11:37:06","date_gmt":"2023-04-14T08:37:06","guid":{"rendered":"https:\/\/caravel.gr\/?p=4377"},"modified":"2023-04-14T11:37:06","modified_gmt":"2023-04-14T08:37:06","slug":"herzlich-willkommen-bei-caravel-rent-a-car-ihrer-autovermietung-auf-kreta","status":"publish","type":"post","link":"https:\/\/caravel.gr\/de\/herzlich-willkommen-bei-caravel-rent-a-car-ihrer-autovermietung-auf-kreta\/","title":{"rendered":"Herzlich Willkommen bei Caravel Rent A Car &#8211; Ihrer Autovermietung auf Kreta!"},"content":{"rendered":"<p>Sie planen Ihren n\u00e4chsten Urlaub auf der wundersch\u00f6nen griechischen Insel Kreta und ben\u00f6tigen noch das passende Fahrzeug, um diese bequem zu erkunden? Dann sind Sie bei uns genau richtig!<\/p>\n<p>Unser Unternehmen ist seit vielen Jahren in der Autovermietungsbranche auf Kreta t\u00e4tig und bietet Ihnen eine gro\u00dfe Auswahl an hochwertigen Mietwagen zu fairen Preisen. Dabei legen wir gro\u00dfen Wert auf eine pers\u00f6nliche Beratung sowie einen individuellen Service, damit Sie sich von Anfang an rundum wohl f\u00fchlen.<\/p>\n<p>Egal, ob Sie einen kleinen Stadtflitzer, einen ger\u00e4umigen Familien-Van oder ein sportliches Cabrio suchen &#8211; bei uns werden Sie garantiert f\u00fcndig. Und das Beste: Unsere Mietwagen sind alle top-gepflegt und verf\u00fcgen \u00fcber eine umfassende Ausstattung, damit Sie Ihre Reise auf Kreta in vollen Z\u00fcgen genie\u00dfen k\u00f6nnen.<\/p>\n<p>\u00dcberzeugen Sie sich selbst von unserem Angebot und kontaktieren Sie uns noch heute, um Ihren Mietwagen f\u00fcr Ihren n\u00e4chsten Kreta-Urlaub zu reservieren. Wir freuen uns auf Sie!<\/p>\n<p>Ihre Autovermietung Kreta &#8211; Caravel Rent A Car<\/p>\n","protected":false},"excerpt":{"rendered":"<p>Sie planen Ihren n\u00e4chsten Urlaub auf der wundersch\u00f6nen griechischen Insel Kreta und ben\u00f6tigen noch das passende Fahrzeug, um diese bequem zu erkunden? Dann sind Sie bei uns genau richtig! Unser Unternehmen ist seit vielen Jahren in der Autovermietungsbranche auf Kreta t\u00e4tig und bietet Ihnen eine gro\u00dfe Auswahl an hochwertigen Mietwagen zu fairen Preisen. Dabei legen [&hellip;]<\/p>\n","protected":false},"author":3,"featured_media":870,"comment_status":"closed","ping_status":"open","sticky":false,"template":"","format":"standard","meta":{"footnotes":""},"categories":[42],"tags":[],"class_list":["post-4377","post","type-post","status-publish","format-standard","has-post-thumbnail","hentry","category-erkunden-sie-kreta"],"yoast_head":"<!-- This site is optimized with the Yoast SEO Premium plugin v22.7 (Yoast SEO v27.5) - https:\/\/yoast.com\/product\/yoast-seo-premium-wordpress\/ -->\n<title>Willkommen bei Caravel Rent A Car - Ihrer Autovermietung Kreta!<\/title>\n<meta name=\"description\" content=\"Autovermietung auf Kreta - Sie planen Ihren n\u00e4chsten Urlaub auf der wundersch\u00f6nen griechischen Insel Kreta und ben\u00f6tigen noch das passende...\" \/>\n<meta name=\"robots\" content=\"index, follow, max-snippet:-1, max-image-preview:large, max-video-preview:-1\" \/>\n<link rel=\"canonical\" href=\"https:\/\/caravel.gr\/de\/herzlich-willkommen-bei-caravel-rent-a-car-ihrer-autovermietung-auf-kreta\/\" \/>\n<meta property=\"og:locale\" content=\"de_DE\" \/>\n<meta property=\"og:type\" content=\"article\" \/>\n<meta property=\"og:title\" content=\"Herzlich Willkommen bei Caravel Rent A Car - Ihrer Autovermietung auf Kreta!\" \/>\n<meta property=\"og:description\" content=\"Autovermietung auf Kreta - Sie planen Ihren n\u00e4chsten Urlaub auf der wundersch\u00f6nen griechischen Insel Kreta und ben\u00f6tigen noch das passende...\" \/>\n<meta property=\"og:url\" content=\"https:\/\/caravel.gr\/de\/herzlich-willkommen-bei-caravel-rent-a-car-ihrer-autovermietung-auf-kreta\/\" \/>\n<meta property=\"og:site_name\" content=\"Rent A Car Crete with Caravel\" \/>\n<meta property=\"article:published_time\" content=\"2023-04-14T08:37:06+00:00\" \/>\n<meta property=\"og:image\" content=\"https:\/\/caravel.gr\/wp-content\/uploads\/2022\/02\/vai-beach-2.jpg\" \/>\n\t<meta property=\"og:image:width\" content=\"1920\" \/>\n\t<meta property=\"og:image:height\" content=\"1440\" \/>\n\t<meta property=\"og:image:type\" content=\"image\/jpeg\" \/>\n<meta name=\"author\" content=\"Elias Sekeris\" \/>\n<meta name=\"twitter:card\" content=\"summary_large_image\" \/>\n<meta name=\"twitter:label1\" content=\"Verfasst von\" \/>\n\t<meta name=\"twitter:data1\" content=\"Elias Sekeris\" \/>\n\t<meta name=\"twitter:label2\" content=\"Gesch\u00e4tzte Lesezeit\" \/>\n\t<meta name=\"twitter:data2\" content=\"1\u00a0Minute\" \/>\n<script type=\"application\/ld+json\" class=\"yoast-schema-graph\">{\"@context\":\"https:\\\/\\\/schema.org\",\"@graph\":[{\"@type\":\"Article\",\"@id\":\"https:\\\/\\\/caravel.gr\\\/de\\\/herzlich-willkommen-bei-caravel-rent-a-car-ihrer-autovermietung-auf-kreta\\\/#article\",\"isPartOf\":{\"@id\":\"https:\\\/\\\/caravel.gr\\\/de\\\/herzlich-willkommen-bei-caravel-rent-a-car-ihrer-autovermietung-auf-kreta\\\/\"},\"author\":{\"name\":\"Elias Sekeris\",\"@id\":\"https:\\\/\\\/caravel.gr\\\/#\\\/schema\\\/person\\\/05e24a7fc2956e4807f74a5e72b15735\"},\"headline\":\"Herzlich Willkommen bei Caravel Rent A Car &#8211; Ihrer Autovermietung auf Kreta!\",\"datePublished\":\"2023-04-14T08:37:06+00:00\",\"mainEntityOfPage\":{\"@id\":\"https:\\\/\\\/caravel.gr\\\/de\\\/herzlich-willkommen-bei-caravel-rent-a-car-ihrer-autovermietung-auf-kreta\\\/\"},\"wordCount\":184,\"publisher\":{\"@id\":\"https:\\\/\\\/caravel.gr\\\/#organization\"},\"image\":{\"@id\":\"https:\\\/\\\/caravel.gr\\\/de\\\/herzlich-willkommen-bei-caravel-rent-a-car-ihrer-autovermietung-auf-kreta\\\/#primaryimage\"},\"thumbnailUrl\":\"https:\\\/\\\/caravel.gr\\\/wp-content\\\/uploads\\\/2022\\\/02\\\/vai-beach-2.jpg\",\"articleSection\":[\"Erkunden Sie Kreta\"],\"inLanguage\":\"de\"},{\"@type\":\"WebPage\",\"@id\":\"https:\\\/\\\/caravel.gr\\\/de\\\/herzlich-willkommen-bei-caravel-rent-a-car-ihrer-autovermietung-auf-kreta\\\/\",\"url\":\"https:\\\/\\\/caravel.gr\\\/de\\\/herzlich-willkommen-bei-caravel-rent-a-car-ihrer-autovermietung-auf-kreta\\\/\",\"name\":\"Willkommen bei Caravel Rent A Car - Ihrer Autovermietung Kreta!\",\"isPartOf\":{\"@id\":\"https:\\\/\\\/caravel.gr\\\/#website\"},\"primaryImageOfPage\":{\"@id\":\"https:\\\/\\\/caravel.gr\\\/de\\\/herzlich-willkommen-bei-caravel-rent-a-car-ihrer-autovermietung-auf-kreta\\\/#primaryimage\"},\"image\":{\"@id\":\"https:\\\/\\\/caravel.gr\\\/de\\\/herzlich-willkommen-bei-caravel-rent-a-car-ihrer-autovermietung-auf-kreta\\\/#primaryimage\"},\"thumbnailUrl\":\"https:\\\/\\\/caravel.gr\\\/wp-content\\\/uploads\\\/2022\\\/02\\\/vai-beach-2.jpg\",\"datePublished\":\"2023-04-14T08:37:06+00:00\",\"description\":\"Autovermietung auf Kreta - Sie planen Ihren n\u00e4chsten Urlaub auf der wundersch\u00f6nen griechischen Insel Kreta und ben\u00f6tigen noch das passende...\",\"breadcrumb\":{\"@id\":\"https:\\\/\\\/caravel.gr\\\/de\\\/herzlich-willkommen-bei-caravel-rent-a-car-ihrer-autovermietung-auf-kreta\\\/#breadcrumb\"},\"inLanguage\":\"de\",\"potentialAction\":[{\"@type\":\"ReadAction\",\"target\":[\"https:\\\/\\\/caravel.gr\\\/de\\\/herzlich-willkommen-bei-caravel-rent-a-car-ihrer-autovermietung-auf-kreta\\\/\"]}]},{\"@type\":\"ImageObject\",\"inLanguage\":\"de\",\"@id\":\"https:\\\/\\\/caravel.gr\\\/de\\\/herzlich-willkommen-bei-caravel-rent-a-car-ihrer-autovermietung-auf-kreta\\\/#primaryimage\",\"url\":\"https:\\\/\\\/caravel.gr\\\/wp-content\\\/uploads\\\/2022\\\/02\\\/vai-beach-2.jpg\",\"contentUrl\":\"https:\\\/\\\/caravel.gr\\\/wp-content\\\/uploads\\\/2022\\\/02\\\/vai-beach-2.jpg\",\"width\":1920,\"height\":1440,\"caption\":\".\"},{\"@type\":\"BreadcrumbList\",\"@id\":\"https:\\\/\\\/caravel.gr\\\/de\\\/herzlich-willkommen-bei-caravel-rent-a-car-ihrer-autovermietung-auf-kreta\\\/#breadcrumb\",\"itemListElement\":[{\"@type\":\"ListItem\",\"position\":1,\"name\":\"Home\",\"item\":\"https:\\\/\\\/caravel.gr\\\/\"},{\"@type\":\"ListItem\",\"position\":2,\"name\":\"Herzlich Willkommen bei Caravel Rent A Car &#8211; Ihrer Autovermietung auf Kreta!\"}]},{\"@type\":\"WebSite\",\"@id\":\"https:\\\/\\\/caravel.gr\\\/#website\",\"url\":\"https:\\\/\\\/caravel.gr\\\/\",\"name\":\"Rent A Car Crete with Caravel\",\"description\":\"Car Hire in Crete\",\"publisher\":{\"@id\":\"https:\\\/\\\/caravel.gr\\\/#organization\"},\"potentialAction\":[{\"@type\":\"SearchAction\",\"target\":{\"@type\":\"EntryPoint\",\"urlTemplate\":\"https:\\\/\\\/caravel.gr\\\/?s={search_term_string}\"},\"query-input\":{\"@type\":\"PropertyValueSpecification\",\"valueRequired\":true,\"valueName\":\"search_term_string\"}}],\"inLanguage\":\"de\"},{\"@type\":\"Organization\",\"@id\":\"https:\\\/\\\/caravel.gr\\\/#organization\",\"name\":\"Rent A Car Crete with Caravel\",\"url\":\"https:\\\/\\\/caravel.gr\\\/\",\"logo\":{\"@type\":\"ImageObject\",\"inLanguage\":\"de\",\"@id\":\"https:\\\/\\\/caravel.gr\\\/#\\\/schema\\\/logo\\\/image\\\/\",\"url\":\"https:\\\/\\\/caravel.gr\\\/wp-content\\\/uploads\\\/2022\\\/01\\\/caravel-logo_0_0.jpg\",\"contentUrl\":\"https:\\\/\\\/caravel.gr\\\/wp-content\\\/uploads\\\/2022\\\/01\\\/caravel-logo_0_0.jpg\",\"width\":210,\"height\":80,\"caption\":\"Rent A Car Crete with Caravel\"},\"image\":{\"@id\":\"https:\\\/\\\/caravel.gr\\\/#\\\/schema\\\/logo\\\/image\\\/\"}},{\"@type\":\"Person\",\"@id\":\"https:\\\/\\\/caravel.gr\\\/#\\\/schema\\\/person\\\/05e24a7fc2956e4807f74a5e72b15735\",\"name\":\"Elias Sekeris\",\"image\":{\"@type\":\"ImageObject\",\"inLanguage\":\"de\",\"@id\":\"https:\\\/\\\/secure.gravatar.com\\\/avatar\\\/d35c22791a8f5c6f60ca82fbcfd184870f5e9a2799b78f25ab61c6769f6d58eb?s=96&d=mm&r=g\",\"url\":\"https:\\\/\\\/secure.gravatar.com\\\/avatar\\\/d35c22791a8f5c6f60ca82fbcfd184870f5e9a2799b78f25ab61c6769f6d58eb?s=96&d=mm&r=g\",\"contentUrl\":\"https:\\\/\\\/secure.gravatar.com\\\/avatar\\\/d35c22791a8f5c6f60ca82fbcfd184870f5e9a2799b78f25ab61c6769f6d58eb?s=96&d=mm&r=g\",\"caption\":\"Elias Sekeris\"},\"url\":\"https:\\\/\\\/caravel.gr\\\/de\\\/author\\\/sekeris\\\/\"}]}<\/script>\n<!-- \/ Yoast SEO Premium plugin. -->","yoast_head_json":{"title":"Willkommen bei Caravel Rent A Car - Ihrer Autovermietung Kreta!","description":"Autovermietung auf Kreta - Sie planen Ihren n\u00e4chsten Urlaub auf der wundersch\u00f6nen griechischen Insel Kreta und ben\u00f6tigen noch das passende...","robots":{"index":"index","follow":"follow","max-snippet":"max-snippet:-1","max-image-preview":"max-image-preview:large","max-video-preview":"max-video-preview:-1"},"canonical":"https:\/\/caravel.gr\/de\/herzlich-willkommen-bei-caravel-rent-a-car-ihrer-autovermietung-auf-kreta\/","og_locale":"de_DE","og_type":"article","og_title":"Herzlich Willkommen bei Caravel Rent A Car - Ihrer Autovermietung auf Kreta!","og_description":"Autovermietung auf Kreta - Sie planen Ihren n\u00e4chsten Urlaub auf der wundersch\u00f6nen griechischen Insel Kreta und ben\u00f6tigen noch das passende...","og_url":"https:\/\/caravel.gr\/de\/herzlich-willkommen-bei-caravel-rent-a-car-ihrer-autovermietung-auf-kreta\/","og_site_name":"Rent A Car Crete with Caravel","article_published_time":"2023-04-14T08:37:06+00:00","og_image":[{"width":1920,"height":1440,"url":"https:\/\/caravel.gr\/wp-content\/uploads\/2022\/02\/vai-beach-2.jpg","type":"image\/jpeg"}],"author":"Elias Sekeris","twitter_card":"summary_large_image","twitter_misc":{"Verfasst von":"Elias Sekeris","Gesch\u00e4tzte Lesezeit":"1\u00a0Minute"},"schema":{"@context":"https:\/\/schema.org","@graph":[{"@type":"Article","@id":"https:\/\/caravel.gr\/de\/herzlich-willkommen-bei-caravel-rent-a-car-ihrer-autovermietung-auf-kreta\/#article","isPartOf":{"@id":"https:\/\/caravel.gr\/de\/herzlich-willkommen-bei-caravel-rent-a-car-ihrer-autovermietung-auf-kreta\/"},"author":{"name":"Elias Sekeris","@id":"https:\/\/caravel.gr\/#\/schema\/person\/05e24a7fc2956e4807f74a5e72b15735"},"headline":"Herzlich Willkommen bei Caravel Rent A Car &#8211; Ihrer Autovermietung auf Kreta!","datePublished":"2023-04-14T08:37:06+00:00","mainEntityOfPage":{"@id":"https:\/\/caravel.gr\/de\/herzlich-willkommen-bei-caravel-rent-a-car-ihrer-autovermietung-auf-kreta\/"},"wordCount":184,"publisher":{"@id":"https:\/\/caravel.gr\/#organization"},"image":{"@id":"https:\/\/caravel.gr\/de\/herzlich-willkommen-bei-caravel-rent-a-car-ihrer-autovermietung-auf-kreta\/#primaryimage"},"thumbnailUrl":"https:\/\/caravel.gr\/wp-content\/uploads\/2022\/02\/vai-beach-2.jpg","articleSection":["Erkunden Sie Kreta"],"inLanguage":"de"},{"@type":"WebPage","@id":"https:\/\/caravel.gr\/de\/herzlich-willkommen-bei-caravel-rent-a-car-ihrer-autovermietung-auf-kreta\/","url":"https:\/\/caravel.gr\/de\/herzlich-willkommen-bei-caravel-rent-a-car-ihrer-autovermietung-auf-kreta\/","name":"Willkommen bei Caravel Rent A Car - Ihrer Autovermietung Kreta!","isPartOf":{"@id":"https:\/\/caravel.gr\/#website"},"primaryImageOfPage":{"@id":"https:\/\/caravel.gr\/de\/herzlich-willkommen-bei-caravel-rent-a-car-ihrer-autovermietung-auf-kreta\/#primaryimage"},"image":{"@id":"https:\/\/caravel.gr\/de\/herzlich-willkommen-bei-caravel-rent-a-car-ihrer-autovermietung-auf-kreta\/#primaryimage"},"thumbnailUrl":"https:\/\/caravel.gr\/wp-content\/uploads\/2022\/02\/vai-beach-2.jpg","datePublished":"2023-04-14T08:37:06+00:00","description":"Autovermietung auf Kreta - Sie planen Ihren n\u00e4chsten Urlaub auf der wundersch\u00f6nen griechischen Insel Kreta und ben\u00f6tigen noch das passende...","breadcrumb":{"@id":"https:\/\/caravel.gr\/de\/herzlich-willkommen-bei-caravel-rent-a-car-ihrer-autovermietung-auf-kreta\/#breadcrumb"},"inLanguage":"de","potentialAction":[{"@type":"ReadAction","target":["https:\/\/caravel.gr\/de\/herzlich-willkommen-bei-caravel-rent-a-car-ihrer-autovermietung-auf-kreta\/"]}]},{"@type":"ImageObject","inLanguage":"de","@id":"https:\/\/caravel.gr\/de\/herzlich-willkommen-bei-caravel-rent-a-car-ihrer-autovermietung-auf-kreta\/#primaryimage","url":"https:\/\/caravel.gr\/wp-content\/uploads\/2022\/02\/vai-beach-2.jpg","contentUrl":"https:\/\/caravel.gr\/wp-content\/uploads\/2022\/02\/vai-beach-2.jpg","width":1920,"height":1440,"caption":"."},{"@type":"BreadcrumbList","@id":"https:\/\/caravel.gr\/de\/herzlich-willkommen-bei-caravel-rent-a-car-ihrer-autovermietung-auf-kreta\/#breadcrumb","itemListElement":[{"@type":"ListItem","position":1,"name":"Home","item":"https:\/\/caravel.gr\/"},{"@type":"ListItem","position":2,"name":"Herzlich Willkommen bei Caravel Rent A Car &#8211; Ihrer Autovermietung auf Kreta!"}]},{"@type":"WebSite","@id":"https:\/\/caravel.gr\/#website","url":"https:\/\/caravel.gr\/","name":"Rent A Car Crete with Caravel","description":"Car Hire in Crete","publisher":{"@id":"https:\/\/caravel.gr\/#organization"},"potentialAction":[{"@type":"SearchAction","target":{"@type":"EntryPoint","urlTemplate":"https:\/\/caravel.gr\/?s={search_term_string}"},"query-input":{"@type":"PropertyValueSpecification","valueRequired":true,"valueName":"search_term_string"}}],"inLanguage":"de"},{"@type":"Organization","@id":"https:\/\/caravel.gr\/#organization","name":"Rent A Car Crete with Caravel","url":"https:\/\/caravel.gr\/","logo":{"@type":"ImageObject","inLanguage":"de","@id":"https:\/\/caravel.gr\/#\/schema\/logo\/image\/","url":"https:\/\/caravel.gr\/wp-content\/uploads\/2022\/01\/caravel-logo_0_0.jpg","contentUrl":"https:\/\/caravel.gr\/wp-content\/uploads\/2022\/01\/caravel-logo_0_0.jpg","width":210,"height":80,"caption":"Rent A Car Crete with Caravel"},"image":{"@id":"https:\/\/caravel.gr\/#\/schema\/logo\/image\/"}},{"@type":"Person","@id":"https:\/\/caravel.gr\/#\/schema\/person\/05e24a7fc2956e4807f74a5e72b15735","name":"Elias Sekeris","image":{"@type":"ImageObject","inLanguage":"de","@id":"https:\/\/secure.gravatar.com\/avatar\/d35c22791a8f5c6f60ca82fbcfd184870f5e9a2799b78f25ab61c6769f6d58eb?s=96&d=mm&r=g","url":"https:\/\/secure.gravatar.com\/avatar\/d35c22791a8f5c6f60ca82fbcfd184870f5e9a2799b78f25ab61c6769f6d58eb?s=96&d=mm&r=g","contentUrl":"https:\/\/secure.gravatar.com\/avatar\/d35c22791a8f5c6f60ca82fbcfd184870f5e9a2799b78f25ab61c6769f6d58eb?s=96&d=mm&r=g","caption":"Elias Sekeris"},"url":"https:\/\/caravel.gr\/de\/author\/sekeris\/"}]}},"_links":{"self":[{"href":"https:\/\/caravel.gr\/de\/wp-json\/wp\/v2\/posts\/4377","targetHints":{"allow":["GET"]}}],"collection":[{"href":"https:\/\/caravel.gr\/de\/wp-json\/wp\/v2\/posts"}],"about":[{"href":"https:\/\/caravel.gr\/de\/wp-json\/wp\/v2\/types\/post"}],"author":[{"embeddable":true,"href":"https:\/\/caravel.gr\/de\/wp-json\/wp\/v2\/users\/3"}],"replies":[{"embeddable":true,"href":"https:\/\/caravel.gr\/de\/wp-json\/wp\/v2\/comments?post=4377"}],"version-history":[{"count":1,"href":"https:\/\/caravel.gr\/de\/wp-json\/wp\/v2\/posts\/4377\/revisions"}],"predecessor-version":[{"id":4378,"href":"https:\/\/caravel.gr\/de\/wp-json\/wp\/v2\/posts\/4377\/revisions\/4378"}],"wp:featuredmedia":[{"embeddable":true,"href":"https:\/\/caravel.gr\/de\/wp-json\/wp\/v2\/media\/870"}],"wp:attachment":[{"href":"https:\/\/caravel.gr\/de\/wp-json\/wp\/v2\/media?parent=4377"}],"wp:term":[{"taxonomy":"category","embeddable":true,"href":"https:\/\/caravel.gr\/de\/wp-json\/wp\/v2\/categories?post=4377"},{"taxonomy":"post_tag","embeddable":true,"href":"https:\/\/caravel.gr\/de\/wp-json\/wp\/v2\/tags?post=4377"}],"curies":[{"name":"wp","href":"https:\/\/api.w.org\/{rel}","templated":true}]}}