{"id":3509,"date":"2022-02-09T12:13:07","date_gmt":"2022-02-09T10:13:07","guid":{"rendered":"https:\/\/caravel.gr\/samaria-schlucht-oeffnet-am-1-mai\/"},"modified":"2022-04-04T12:04:05","modified_gmt":"2022-04-04T09:04:05","slug":"samaria-schlucht-oeffnet-am-1-mai","status":"publish","type":"post","link":"https:\/\/caravel.gr\/de\/samaria-schlucht-oeffnet-am-1-mai\/","title":{"rendered":"Samaria-Schlucht (\u00f6ffnet am 1. Mai)"},"content":{"rendered":"\n<p>Die Samaria-Schlucht auf Kreta wird am 1. Mai f\u00fcr Besucher ge\u00f6ffnet, haben die \u00f6rtlichen Beh\u00f6rden best\u00e4tigt.<\/p>\n\n<p>Laut einer Mitteilung hat die Forstbeh\u00f6rde alle notwendigen Vorkehrungen zum Schutz des \u00d6kosystems getroffen.<\/p>\n\n<p>Es hie\u00df, die Samaria-Schlucht sei zwar ein einzigartiges \u00d6kosystem von gro\u00dfartiger Sch\u00f6nheit, das \u00dcberqueren der Schlucht k\u00f6nne jedoch ein sehr m\u00fchsamer Prozess sein. Besucher d\u00fcrfen nur den zentralen Weg entlanggehen und ihn unter keinen Umst\u00e4nden verlassen.<\/p>\n\n<p>Besucher m\u00fcssen sich auch an die Schilder halten, die entlang des Weges angebracht sind, insbesondere diejenigen, die auf m\u00f6gliche Steinschl\u00e4ge hinweisen.<\/p>\n\n<p>Das Rauchen ist zum Schutz vor Br\u00e4nden verboten und nur auf den Rastpl\u00e4tzen erlaubt.<\/p>\n\n<p>Die Samaria-Schlucht ist seit 1962 ein Nationalpark und die 16 Kilometer lange Wanderung ist ein wichtiger Touristenmagnet.<\/p>\n\n<p><strong>Besuchen Sie die Samaria-Schlucht. Mieten Sie ein Auto f\u00fcr Ihre Reise<\/strong><\/p>\n\n<iframe src=\"https:\/\/www.google.com\/maps\/embed?pb=!1m18!1m12!1m3!1d13034.589613211989!2d23.952447340216807!3d35.24014641020588!2m3!1f0!2f0!3f0!3m2!1i1024!2i768!4f13.1!3m3!1m2!1s0x149c99e69f33738b%3A0x5160725f9e779ef5!2sSamaria%20Gorge!5e0!3m2!1sen!2sgr!4v1644408762710!5m2!1sen!2sgr\" width=\"100%\" height=\"650\" style=\"border:0;\" allowfullscreen=\"\" loading=\"lazy\"><\/iframe>\n","protected":false},"excerpt":{"rendered":"<p>Die Samaria-Schlucht auf Kreta wird am 1. Mai f\u00fcr Besucher ge\u00f6ffnet, haben die \u00f6rtlichen Beh\u00f6rden best\u00e4tigt. Laut einer Mitteilung hat die Forstbeh\u00f6rde alle notwendigen Vorkehrungen zum Schutz des \u00d6kosystems getroffen. Es hie\u00df, die Samaria-Schlucht sei zwar ein einzigartiges \u00d6kosystem von gro\u00dfartiger Sch\u00f6nheit, das \u00dcberqueren der Schlucht k\u00f6nne jedoch ein sehr m\u00fchsamer Prozess sein. Besucher d\u00fcrfen [&hellip;]<\/p>\n","protected":false},"author":4,"featured_media":742,"comment_status":"open","ping_status":"open","sticky":false,"template":"","format":"standard","meta":{"footnotes":""},"categories":[42],"tags":[],"class_list":["post-3509","post","type-post","status-publish","format-standard","has-post-thumbnail","hentry","category-erkunden-sie-kreta"],"yoast_head":"<!-- This site is optimized with the Yoast SEO Premium plugin v22.7 (Yoast SEO v27.4) - https:\/\/yoast.com\/product\/yoast-seo-premium-wordpress\/ -->\n<title>Samaria-Schlucht (\u00f6ffnet am 1. Mai) - Rent A Car Crete with Caravel<\/title>\n<meta name=\"robots\" content=\"index, follow, max-snippet:-1, max-image-preview:large, max-video-preview:-1\" \/>\n<link rel=\"canonical\" href=\"https:\/\/caravel.gr\/de\/samaria-schlucht-oeffnet-am-1-mai\/\" \/>\n<meta property=\"og:locale\" content=\"de_DE\" \/>\n<meta property=\"og:type\" content=\"article\" \/>\n<meta property=\"og:title\" content=\"Samaria-Schlucht (\u00f6ffnet am 1. Mai)\" \/>\n<meta property=\"og:description\" content=\"Die Samaria-Schlucht auf Kreta wird am 1. Mai f\u00fcr Besucher ge\u00f6ffnet, haben die \u00f6rtlichen Beh\u00f6rden best\u00e4tigt. Laut einer Mitteilung hat die Forstbeh\u00f6rde alle notwendigen Vorkehrungen zum Schutz des \u00d6kosystems getroffen. Es hie\u00df, die Samaria-Schlucht sei zwar ein einzigartiges \u00d6kosystem von gro\u00dfartiger Sch\u00f6nheit, das \u00dcberqueren der Schlucht k\u00f6nne jedoch ein sehr m\u00fchsamer Prozess sein. Besucher d\u00fcrfen [&hellip;]\" \/>\n<meta property=\"og:url\" content=\"https:\/\/caravel.gr\/de\/samaria-schlucht-oeffnet-am-1-mai\/\" \/>\n<meta property=\"og:site_name\" content=\"Rent A Car Crete with Caravel\" \/>\n<meta property=\"article:published_time\" content=\"2022-02-09T10:13:07+00:00\" \/>\n<meta property=\"article:modified_time\" content=\"2022-04-04T09:04:05+00:00\" \/>\n<meta property=\"og:image\" content=\"https:\/\/caravel.gr\/wp-content\/uploads\/2022\/02\/samaria_0.jpg\" \/>\n\t<meta property=\"og:image:width\" content=\"1200\" \/>\n\t<meta property=\"og:image:height\" content=\"750\" \/>\n\t<meta property=\"og:image:type\" content=\"image\/jpeg\" \/>\n<meta name=\"author\" content=\"Admin Admin\" \/>\n<meta name=\"twitter:card\" content=\"summary_large_image\" \/>\n<meta name=\"twitter:label1\" content=\"Verfasst von\" \/>\n\t<meta name=\"twitter:data1\" content=\"Admin Admin\" \/>\n\t<meta name=\"twitter:label2\" content=\"Gesch\u00e4tzte Lesezeit\" \/>\n\t<meta name=\"twitter:data2\" content=\"1\u00a0Minute\" \/>\n<script type=\"application\/ld+json\" class=\"yoast-schema-graph\">{\"@context\":\"https:\\\/\\\/schema.org\",\"@graph\":[{\"@type\":\"Article\",\"@id\":\"https:\\\/\\\/caravel.gr\\\/de\\\/samaria-schlucht-oeffnet-am-1-mai\\\/#article\",\"isPartOf\":{\"@id\":\"https:\\\/\\\/caravel.gr\\\/de\\\/samaria-schlucht-oeffnet-am-1-mai\\\/\"},\"author\":{\"name\":\"Admin Admin\",\"@id\":\"https:\\\/\\\/caravel.gr\\\/#\\\/schema\\\/person\\\/c6c35c5a1636a5da2e2c4a527f5dbb49\"},\"headline\":\"Samaria-Schlucht (\u00f6ffnet am 1. Mai)\",\"datePublished\":\"2022-02-09T10:13:07+00:00\",\"dateModified\":\"2022-04-04T09:04:05+00:00\",\"mainEntityOfPage\":{\"@id\":\"https:\\\/\\\/caravel.gr\\\/de\\\/samaria-schlucht-oeffnet-am-1-mai\\\/\"},\"wordCount\":147,\"commentCount\":0,\"publisher\":{\"@id\":\"https:\\\/\\\/caravel.gr\\\/#organization\"},\"image\":{\"@id\":\"https:\\\/\\\/caravel.gr\\\/de\\\/samaria-schlucht-oeffnet-am-1-mai\\\/#primaryimage\"},\"thumbnailUrl\":\"https:\\\/\\\/caravel.gr\\\/wp-content\\\/uploads\\\/2022\\\/02\\\/samaria_0.jpg\",\"articleSection\":[\"Erkunden Sie Kreta\"],\"inLanguage\":\"de\"},{\"@type\":\"WebPage\",\"@id\":\"https:\\\/\\\/caravel.gr\\\/de\\\/samaria-schlucht-oeffnet-am-1-mai\\\/\",\"url\":\"https:\\\/\\\/caravel.gr\\\/de\\\/samaria-schlucht-oeffnet-am-1-mai\\\/\",\"name\":\"Samaria-Schlucht (\u00f6ffnet am 1. Mai) - Rent A Car Crete with Caravel\",\"isPartOf\":{\"@id\":\"https:\\\/\\\/caravel.gr\\\/#website\"},\"primaryImageOfPage\":{\"@id\":\"https:\\\/\\\/caravel.gr\\\/de\\\/samaria-schlucht-oeffnet-am-1-mai\\\/#primaryimage\"},\"image\":{\"@id\":\"https:\\\/\\\/caravel.gr\\\/de\\\/samaria-schlucht-oeffnet-am-1-mai\\\/#primaryimage\"},\"thumbnailUrl\":\"https:\\\/\\\/caravel.gr\\\/wp-content\\\/uploads\\\/2022\\\/02\\\/samaria_0.jpg\",\"datePublished\":\"2022-02-09T10:13:07+00:00\",\"dateModified\":\"2022-04-04T09:04:05+00:00\",\"breadcrumb\":{\"@id\":\"https:\\\/\\\/caravel.gr\\\/de\\\/samaria-schlucht-oeffnet-am-1-mai\\\/#breadcrumb\"},\"inLanguage\":\"de\",\"potentialAction\":[{\"@type\":\"ReadAction\",\"target\":[\"https:\\\/\\\/caravel.gr\\\/de\\\/samaria-schlucht-oeffnet-am-1-mai\\\/\"]}]},{\"@type\":\"ImageObject\",\"inLanguage\":\"de\",\"@id\":\"https:\\\/\\\/caravel.gr\\\/de\\\/samaria-schlucht-oeffnet-am-1-mai\\\/#primaryimage\",\"url\":\"https:\\\/\\\/caravel.gr\\\/wp-content\\\/uploads\\\/2022\\\/02\\\/samaria_0.jpg\",\"contentUrl\":\"https:\\\/\\\/caravel.gr\\\/wp-content\\\/uploads\\\/2022\\\/02\\\/samaria_0.jpg\",\"width\":1200,\"height\":750},{\"@type\":\"BreadcrumbList\",\"@id\":\"https:\\\/\\\/caravel.gr\\\/de\\\/samaria-schlucht-oeffnet-am-1-mai\\\/#breadcrumb\",\"itemListElement\":[{\"@type\":\"ListItem\",\"position\":1,\"name\":\"Home\",\"item\":\"https:\\\/\\\/caravel.gr\\\/\"},{\"@type\":\"ListItem\",\"position\":2,\"name\":\"Samaria-Schlucht (\u00f6ffnet am 1. Mai)\"}]},{\"@type\":\"WebSite\",\"@id\":\"https:\\\/\\\/caravel.gr\\\/#website\",\"url\":\"https:\\\/\\\/caravel.gr\\\/\",\"name\":\"Rent A Car Crete with Caravel\",\"description\":\"Car Hire in Crete\",\"publisher\":{\"@id\":\"https:\\\/\\\/caravel.gr\\\/#organization\"},\"potentialAction\":[{\"@type\":\"SearchAction\",\"target\":{\"@type\":\"EntryPoint\",\"urlTemplate\":\"https:\\\/\\\/caravel.gr\\\/?s={search_term_string}\"},\"query-input\":{\"@type\":\"PropertyValueSpecification\",\"valueRequired\":true,\"valueName\":\"search_term_string\"}}],\"inLanguage\":\"de\"},{\"@type\":\"Organization\",\"@id\":\"https:\\\/\\\/caravel.gr\\\/#organization\",\"name\":\"Rent A Car Crete with Caravel\",\"url\":\"https:\\\/\\\/caravel.gr\\\/\",\"logo\":{\"@type\":\"ImageObject\",\"inLanguage\":\"de\",\"@id\":\"https:\\\/\\\/caravel.gr\\\/#\\\/schema\\\/logo\\\/image\\\/\",\"url\":\"https:\\\/\\\/caravel.gr\\\/wp-content\\\/uploads\\\/2022\\\/01\\\/caravel-logo_0_0.jpg\",\"contentUrl\":\"https:\\\/\\\/caravel.gr\\\/wp-content\\\/uploads\\\/2022\\\/01\\\/caravel-logo_0_0.jpg\",\"width\":210,\"height\":80,\"caption\":\"Rent A Car Crete with Caravel\"},\"image\":{\"@id\":\"https:\\\/\\\/caravel.gr\\\/#\\\/schema\\\/logo\\\/image\\\/\"}},{\"@type\":\"Person\",\"@id\":\"https:\\\/\\\/caravel.gr\\\/#\\\/schema\\\/person\\\/c6c35c5a1636a5da2e2c4a527f5dbb49\",\"name\":\"Admin Admin\",\"image\":{\"@type\":\"ImageObject\",\"inLanguage\":\"de\",\"@id\":\"https:\\\/\\\/secure.gravatar.com\\\/avatar\\\/65744b15ba6987b50233fe8166ba058522ad7a59feb6a5cfc36f447718ea441c?s=96&d=mm&r=g\",\"url\":\"https:\\\/\\\/secure.gravatar.com\\\/avatar\\\/65744b15ba6987b50233fe8166ba058522ad7a59feb6a5cfc36f447718ea441c?s=96&d=mm&r=g\",\"contentUrl\":\"https:\\\/\\\/secure.gravatar.com\\\/avatar\\\/65744b15ba6987b50233fe8166ba058522ad7a59feb6a5cfc36f447718ea441c?s=96&d=mm&r=g\",\"caption\":\"Admin Admin\"},\"url\":\"https:\\\/\\\/caravel.gr\\\/de\\\/author\\\/caradmin1\\\/\"}]}<\/script>\n<!-- \/ Yoast SEO Premium plugin. -->","yoast_head_json":{"title":"Samaria-Schlucht (\u00f6ffnet am 1. Mai) - Rent A Car Crete with Caravel","robots":{"index":"index","follow":"follow","max-snippet":"max-snippet:-1","max-image-preview":"max-image-preview:large","max-video-preview":"max-video-preview:-1"},"canonical":"https:\/\/caravel.gr\/de\/samaria-schlucht-oeffnet-am-1-mai\/","og_locale":"de_DE","og_type":"article","og_title":"Samaria-Schlucht (\u00f6ffnet am 1. Mai)","og_description":"Die Samaria-Schlucht auf Kreta wird am 1. Mai f\u00fcr Besucher ge\u00f6ffnet, haben die \u00f6rtlichen Beh\u00f6rden best\u00e4tigt. Laut einer Mitteilung hat die Forstbeh\u00f6rde alle notwendigen Vorkehrungen zum Schutz des \u00d6kosystems getroffen. Es hie\u00df, die Samaria-Schlucht sei zwar ein einzigartiges \u00d6kosystem von gro\u00dfartiger Sch\u00f6nheit, das \u00dcberqueren der Schlucht k\u00f6nne jedoch ein sehr m\u00fchsamer Prozess sein. Besucher d\u00fcrfen [&hellip;]","og_url":"https:\/\/caravel.gr\/de\/samaria-schlucht-oeffnet-am-1-mai\/","og_site_name":"Rent A Car Crete with Caravel","article_published_time":"2022-02-09T10:13:07+00:00","article_modified_time":"2022-04-04T09:04:05+00:00","og_image":[{"width":1200,"height":750,"url":"https:\/\/caravel.gr\/wp-content\/uploads\/2022\/02\/samaria_0.jpg","type":"image\/jpeg"}],"author":"Admin Admin","twitter_card":"summary_large_image","twitter_misc":{"Verfasst von":"Admin Admin","Gesch\u00e4tzte Lesezeit":"1\u00a0Minute"},"schema":{"@context":"https:\/\/schema.org","@graph":[{"@type":"Article","@id":"https:\/\/caravel.gr\/de\/samaria-schlucht-oeffnet-am-1-mai\/#article","isPartOf":{"@id":"https:\/\/caravel.gr\/de\/samaria-schlucht-oeffnet-am-1-mai\/"},"author":{"name":"Admin Admin","@id":"https:\/\/caravel.gr\/#\/schema\/person\/c6c35c5a1636a5da2e2c4a527f5dbb49"},"headline":"Samaria-Schlucht (\u00f6ffnet am 1. Mai)","datePublished":"2022-02-09T10:13:07+00:00","dateModified":"2022-04-04T09:04:05+00:00","mainEntityOfPage":{"@id":"https:\/\/caravel.gr\/de\/samaria-schlucht-oeffnet-am-1-mai\/"},"wordCount":147,"commentCount":0,"publisher":{"@id":"https:\/\/caravel.gr\/#organization"},"image":{"@id":"https:\/\/caravel.gr\/de\/samaria-schlucht-oeffnet-am-1-mai\/#primaryimage"},"thumbnailUrl":"https:\/\/caravel.gr\/wp-content\/uploads\/2022\/02\/samaria_0.jpg","articleSection":["Erkunden Sie Kreta"],"inLanguage":"de"},{"@type":"WebPage","@id":"https:\/\/caravel.gr\/de\/samaria-schlucht-oeffnet-am-1-mai\/","url":"https:\/\/caravel.gr\/de\/samaria-schlucht-oeffnet-am-1-mai\/","name":"Samaria-Schlucht (\u00f6ffnet am 1. Mai) - Rent A Car Crete with Caravel","isPartOf":{"@id":"https:\/\/caravel.gr\/#website"},"primaryImageOfPage":{"@id":"https:\/\/caravel.gr\/de\/samaria-schlucht-oeffnet-am-1-mai\/#primaryimage"},"image":{"@id":"https:\/\/caravel.gr\/de\/samaria-schlucht-oeffnet-am-1-mai\/#primaryimage"},"thumbnailUrl":"https:\/\/caravel.gr\/wp-content\/uploads\/2022\/02\/samaria_0.jpg","datePublished":"2022-02-09T10:13:07+00:00","dateModified":"2022-04-04T09:04:05+00:00","breadcrumb":{"@id":"https:\/\/caravel.gr\/de\/samaria-schlucht-oeffnet-am-1-mai\/#breadcrumb"},"inLanguage":"de","potentialAction":[{"@type":"ReadAction","target":["https:\/\/caravel.gr\/de\/samaria-schlucht-oeffnet-am-1-mai\/"]}]},{"@type":"ImageObject","inLanguage":"de","@id":"https:\/\/caravel.gr\/de\/samaria-schlucht-oeffnet-am-1-mai\/#primaryimage","url":"https:\/\/caravel.gr\/wp-content\/uploads\/2022\/02\/samaria_0.jpg","contentUrl":"https:\/\/caravel.gr\/wp-content\/uploads\/2022\/02\/samaria_0.jpg","width":1200,"height":750},{"@type":"BreadcrumbList","@id":"https:\/\/caravel.gr\/de\/samaria-schlucht-oeffnet-am-1-mai\/#breadcrumb","itemListElement":[{"@type":"ListItem","position":1,"name":"Home","item":"https:\/\/caravel.gr\/"},{"@type":"ListItem","position":2,"name":"Samaria-Schlucht (\u00f6ffnet am 1. Mai)"}]},{"@type":"WebSite","@id":"https:\/\/caravel.gr\/#website","url":"https:\/\/caravel.gr\/","name":"Rent A Car Crete with Caravel","description":"Car Hire in Crete","publisher":{"@id":"https:\/\/caravel.gr\/#organization"},"potentialAction":[{"@type":"SearchAction","target":{"@type":"EntryPoint","urlTemplate":"https:\/\/caravel.gr\/?s={search_term_string}"},"query-input":{"@type":"PropertyValueSpecification","valueRequired":true,"valueName":"search_term_string"}}],"inLanguage":"de"},{"@type":"Organization","@id":"https:\/\/caravel.gr\/#organization","name":"Rent A Car Crete with Caravel","url":"https:\/\/caravel.gr\/","logo":{"@type":"ImageObject","inLanguage":"de","@id":"https:\/\/caravel.gr\/#\/schema\/logo\/image\/","url":"https:\/\/caravel.gr\/wp-content\/uploads\/2022\/01\/caravel-logo_0_0.jpg","contentUrl":"https:\/\/caravel.gr\/wp-content\/uploads\/2022\/01\/caravel-logo_0_0.jpg","width":210,"height":80,"caption":"Rent A Car Crete with Caravel"},"image":{"@id":"https:\/\/caravel.gr\/#\/schema\/logo\/image\/"}},{"@type":"Person","@id":"https:\/\/caravel.gr\/#\/schema\/person\/c6c35c5a1636a5da2e2c4a527f5dbb49","name":"Admin Admin","image":{"@type":"ImageObject","inLanguage":"de","@id":"https:\/\/secure.gravatar.com\/avatar\/65744b15ba6987b50233fe8166ba058522ad7a59feb6a5cfc36f447718ea441c?s=96&d=mm&r=g","url":"https:\/\/secure.gravatar.com\/avatar\/65744b15ba6987b50233fe8166ba058522ad7a59feb6a5cfc36f447718ea441c?s=96&d=mm&r=g","contentUrl":"https:\/\/secure.gravatar.com\/avatar\/65744b15ba6987b50233fe8166ba058522ad7a59feb6a5cfc36f447718ea441c?s=96&d=mm&r=g","caption":"Admin Admin"},"url":"https:\/\/caravel.gr\/de\/author\/caradmin1\/"}]}},"_links":{"self":[{"href":"https:\/\/caravel.gr\/de\/wp-json\/wp\/v2\/posts\/3509","targetHints":{"allow":["GET"]}}],"collection":[{"href":"https:\/\/caravel.gr\/de\/wp-json\/wp\/v2\/posts"}],"about":[{"href":"https:\/\/caravel.gr\/de\/wp-json\/wp\/v2\/types\/post"}],"author":[{"embeddable":true,"href":"https:\/\/caravel.gr\/de\/wp-json\/wp\/v2\/users\/4"}],"replies":[{"embeddable":true,"href":"https:\/\/caravel.gr\/de\/wp-json\/wp\/v2\/comments?post=3509"}],"version-history":[{"count":1,"href":"https:\/\/caravel.gr\/de\/wp-json\/wp\/v2\/posts\/3509\/revisions"}],"predecessor-version":[{"id":3510,"href":"https:\/\/caravel.gr\/de\/wp-json\/wp\/v2\/posts\/3509\/revisions\/3510"}],"wp:featuredmedia":[{"embeddable":true,"href":"https:\/\/caravel.gr\/de\/wp-json\/wp\/v2\/media\/742"}],"wp:attachment":[{"href":"https:\/\/caravel.gr\/de\/wp-json\/wp\/v2\/media?parent=3509"}],"wp:term":[{"taxonomy":"category","embeddable":true,"href":"https:\/\/caravel.gr\/de\/wp-json\/wp\/v2\/categories?post=3509"},{"taxonomy":"post_tag","embeddable":true,"href":"https:\/\/caravel.gr\/de\/wp-json\/wp\/v2\/tags?post=3509"}],"curies":[{"name":"wp","href":"https:\/\/api.w.org\/{rel}","templated":true}]}}